{"id":3434,"date":"2024-09-12T16:34:58","date_gmt":"2024-09-12T16:34:58","guid":{"rendered":"http:\/\/elregionaldigital.info\/?p=3434"},"modified":"2024-09-26T16:35:25","modified_gmt":"2024-09-26T16:35:25","slug":"estudiantes-de-la-uat-destacan-en-el-congreso-internacional-de-investigacion-del-pacifico-2024","status":"publish","type":"post","link":"https:\/\/elregionaldigital.info\/?p=3434","title":{"rendered":"Estudiantes de la UAT destacan en el Congreso Internacional de Investigaci\u00f3n del Pac\u00edfico 2024"},"content":{"rendered":"\n<p><\/p>\n\n\n\n<p>Veintis\u00e9is estudiantes de la Universidad Aut\u00f3noma de Tamaulipas (UAT) participaron con<br>\u00e9xito en el XXIX Congreso Internacional del Verano de la Investigaci\u00f3n Cient\u00edfica y<br>Tecnol\u00f3gica del Pac\u00edfico 2024, celebrado en Nuevo Vallarta, Nayarit.<br>Representando a diferentes facultades y unidades acad\u00e9micas, el grupo estudiantil<br>expuso veinte proyectos de investigaci\u00f3n que reflejan la diversidad del trabajo cient\u00edfico y<br>tecnol\u00f3gico de la UAT.<br>En ese contexto, de la Facultad de Derecho y Ciencias Sociales Tampico se present\u00f3 un<br>an\u00e1lisis del impacto en torno a la escasez de agua en la zona conurbada de Tampico,<br>Madero y Altamira, y estudios enfocados en la protecci\u00f3n del mapache en el sur del<br>estado.<br>De la Unidad Acad\u00e9mica Multidisciplinaria Reynosa Aztl\u00e1n expusieron un estudio de<br>modelos inform\u00e1ticos utilizados para predecir la incidencia de inhibidores potenciales en<br>el tratamiento de c\u00e1ncer colorrectal; la mejora en dispositivos de asistencia para personas<br>con discapacidad motriz, as\u00ed como un estudio del potencial antimicrobiano de los<br>extractos de vaina de mezquite.<br>En proyectos de ciencias de la salud, la Facultad de Medicina Matamoros present\u00f3 un<br>estudio sobre la coexistencia de tuberculosis y diabetes realizado en Cali, Colombia; la<br>Facultad de Medicina Tampico, sobre prevalencia de trastornos alimenticios en personas<br>con sobrepeso y obesidad, as\u00ed como la b\u00fasqueda de biomarcadores gen\u00e9ticos<br>relacionados con la depresi\u00f3n en j\u00f3venes; en tanto la Facultad de Odontolog\u00eda abord\u00f3<br>tendencias de p\u00e9rdida de dientes durante dos d\u00e9cadas en la poblaci\u00f3n mexicana.<br>La Facultad de Enfermer\u00eda Tampico investig\u00f3 los h\u00e1bitos alimentarios de estudiantes, y<br>de la Unidad Acad\u00e9mica de Trabajo Social y Ciencias para el Desarrollo Humano<br>expusieron innovaciones en productos para diab\u00e9ticos usando miel de abeja.<\/p>\n\n\n\n<p>Entre otros proyectos, la Unidad Acad\u00e9mica Multidisciplinaria Mante expuso<br>investigaciones sobre la resistencia a insecticidas en plagas agr\u00edcolas, y la s\u00edntesis de<br>colorantes azoicos y su elucidaci\u00f3n en la industria textil.<br>De la Facultad de Ciencias de la Educaci\u00f3n y Humanidades expusieron la evoluci\u00f3n de<br>la investigaci\u00f3n educativa y la utilizaci\u00f3n de TikTok como herramienta de aprendizaje de<br>idiomas, adem\u00e1s de estudios sobre la autoidentificaci\u00f3n en \u00e1reas STEM.<\/p>\n","protected":false},"excerpt":{"rendered":"<p>Veintis\u00e9is estudiantes de la Universidad Aut\u00f3noma de Tamaulipas (UAT) participaron con\u00e9xito en el XXIX Congreso Internacional del Verano de la Investigaci\u00f3n Cient\u00edfica yTecnol\u00f3gica del Pac\u00edfico 2024, celebrado en Nuevo Vallarta, Nayarit.Representando a diferentes facultades y unidades acad\u00e9micas, el grupo estudiantilexpuso veinte proyectos de investigaci\u00f3n que reflejan la diversidad del trabajo cient\u00edfico ytecnol\u00f3gico de la UAT.En [&hellip;]<\/p>\n","protected":false},"author":1,"featured_media":3435,"comment_status":"open","ping_status":"open","sticky":false,"template":"","format":"standard","meta":{"footnotes":""},"categories":[4],"tags":[],"class_list":["post-3434","post","type-post","status-publish","format-standard","has-post-thumbnail","hentry","category-universidades"],"blog_post_layout_featured_media_urls":{"thumbnail":["https:\/\/elregionaldigital.info\/wp-content\/uploads\/2024\/09\/2-150x150.jpg",150,150,true],"full":["https:\/\/elregionaldigital.info\/wp-content\/uploads\/2024\/09\/2.jpg",1280,960,false]},"categories_names":{"4":{"name":"Universidades","link":"https:\/\/elregionaldigital.info\/?cat=4"}},"tags_names":[],"comments_number":"0","wpmagazine_modules_lite_featured_media_urls":{"thumbnail":["https:\/\/elregionaldigital.info\/wp-content\/uploads\/2024\/09\/2-150x150.jpg",150,150,true],"cvmm-medium":["https:\/\/elregionaldigital.info\/wp-content\/uploads\/2024\/09\/2-300x300.jpg",300,300,true],"cvmm-medium-plus":["https:\/\/elregionaldigital.info\/wp-content\/uploads\/2024\/09\/2-305x207.jpg",305,207,true],"cvmm-portrait":["https:\/\/elregionaldigital.info\/wp-content\/uploads\/2024\/09\/2-400x600.jpg",400,600,true],"cvmm-medium-square":["https:\/\/elregionaldigital.info\/wp-content\/uploads\/2024\/09\/2-600x600.jpg",600,600,true],"cvmm-large":["https:\/\/elregionaldigital.info\/wp-content\/uploads\/2024\/09\/2-1024x960.jpg",1024,960,true],"cvmm-small":["https:\/\/elregionaldigital.info\/wp-content\/uploads\/2024\/09\/2-130x95.jpg",130,95,true],"full":["https:\/\/elregionaldigital.info\/wp-content\/uploads\/2024\/09\/2.jpg",1280,960,false]},"_links":{"self":[{"href":"https:\/\/elregionaldigital.info\/index.php?rest_route=\/wp\/v2\/posts\/3434","targetHints":{"allow":["GET"]}}],"collection":[{"href":"https:\/\/elregionaldigital.info\/index.php?rest_route=\/wp\/v2\/posts"}],"about":[{"href":"https:\/\/elregionaldigital.info\/index.php?rest_route=\/wp\/v2\/types\/post"}],"author":[{"embeddable":true,"href":"https:\/\/elregionaldigital.info\/index.php?rest_route=\/wp\/v2\/users\/1"}],"replies":[{"embeddable":true,"href":"https:\/\/elregionaldigital.info\/index.php?rest_route=%2Fwp%2Fv2%2Fcomments&post=3434"}],"version-history":[{"count":1,"href":"https:\/\/elregionaldigital.info\/index.php?rest_route=\/wp\/v2\/posts\/3434\/revisions"}],"predecessor-version":[{"id":3436,"href":"https:\/\/elregionaldigital.info\/index.php?rest_route=\/wp\/v2\/posts\/3434\/revisions\/3436"}],"wp:featuredmedia":[{"embeddable":true,"href":"https:\/\/elregionaldigital.info\/index.php?rest_route=\/wp\/v2\/media\/3435"}],"wp:attachment":[{"href":"https:\/\/elregionaldigital.info\/index.php?rest_route=%2Fwp%2Fv2%2Fmedia&parent=3434"}],"wp:term":[{"taxonomy":"category","embeddable":true,"href":"https:\/\/elregionaldigital.info\/index.php?rest_route=%2Fwp%2Fv2%2Fcategories&post=3434"},{"taxonomy":"post_tag","embeddable":true,"href":"https:\/\/elregionaldigital.info\/index.php?rest_route=%2Fwp%2Fv2%2Ftags&post=3434"}],"curies":[{"name":"wp","href":"https:\/\/api.w.org\/{rel}","templated":true}]}}