{"id":3431,"date":"2024-09-10T16:17:32","date_gmt":"2024-09-10T16:17:32","guid":{"rendered":"http:\/\/elregionaldigital.info\/?p=3431"},"modified":"2024-09-26T16:17:55","modified_gmt":"2024-09-26T16:17:55","slug":"impulsara-la-uat-vinculacion-academica-y-cientifica-con-australia","status":"publish","type":"post","link":"https:\/\/elregionaldigital.info\/?p=3431","title":{"rendered":"Impulsar\u00e1 la UAT vinculaci\u00f3n acad\u00e9mica y cient\u00edfica con Australia"},"content":{"rendered":"\n<p>La Universidad Aut\u00f3noma de Tamaulipas (UAT) ha dado un nuevo paso en sus relaciones<br>internacionales, al afianzar la vinculaci\u00f3n con la Embajada de Australia en M\u00e9xico para<br>impulsar la colaboraci\u00f3n acad\u00e9mica y cient\u00edfica con universidades de ese pa\u00eds.<br>En ese marco, el rector de la UAT, MVZ D\u00e1maso Anaya Alvarado; y la representante<br>diplom\u00e1tica de Australia, Penny Toledo; encabezaron una reuni\u00f3n de trabajo en la cual se<br>abordaron los temas de inter\u00e9s com\u00fan que permitan concretar programas conjuntos en<br>diferentes rubros de cooperaci\u00f3n.<br>En representaci\u00f3n de Rachel Moseley, embajadora de Australia, la jefa de misi\u00f3n<br>diplom\u00e1tica Penny Toledo dio la bienvenida al rector D\u00e1maso Anaya y funcionarios de la<br>Rector\u00eda.<br>Durante la reuni\u00f3n celebrada en la sede de la embajada en la Ciudad de M\u00e9xico, se<br>puso de relieve generar acuerdos con universidades y centros de investigaci\u00f3n cient\u00edfica<br>de Australia para potenciar la colaboraci\u00f3n.<br>Se acord\u00f3 crear grupos de trabajo de investigadores para iniciar proyectos conjuntos<br>de alto impacto en el sector energ\u00e9tico.<br>En este tema, el rector D\u00e1maso Anaya destac\u00f3 que, de la mano con el Gobierno del<br>Estado, se ha establecido un convenio con la empresa australiana Woodside, que<br>desarrolla proyectos para el sector energ\u00e9tico en Tamaulipas. Dicho convenio contempla<br>la participaci\u00f3n de la UAT mediante sus programas acad\u00e9micos, de investigaci\u00f3n y<br>servicios especializados.<br>En la sesi\u00f3n se presentaron las capacidades y \u00e1reas de colaboraci\u00f3n de la UAT y del<br>sector educativo australiano, resaltando la disposici\u00f3n de generar acuerdos con<br>universidades australianas para el intercambio acad\u00e9mico y cient\u00edfico de docentes,<br>estudiantes e investigadores.<\/p>\n\n\n\n<p>Por parte de la Embajada de Australia estuvieron tambi\u00e9n, Barbara Klompenhouwer,<br>consejera educativa, as\u00ed como Laura D\u00edaz y Andrea Valencia; y por parte de Woodside<br>Energy acudieron Raymundo Pi\u00f1ones y Alfonso Sol\u00eds.<\/p>\n","protected":false},"excerpt":{"rendered":"<p>La Universidad Aut\u00f3noma de Tamaulipas (UAT) ha dado un nuevo paso en sus relacionesinternacionales, al afianzar la vinculaci\u00f3n con la Embajada de Australia en M\u00e9xico paraimpulsar la colaboraci\u00f3n acad\u00e9mica y cient\u00edfica con universidades de ese pa\u00eds.En ese marco, el rector de la UAT, MVZ D\u00e1maso Anaya Alvarado; y la representantediplom\u00e1tica de Australia, Penny Toledo; encabezaron [&hellip;]<\/p>\n","protected":false},"author":1,"featured_media":3432,"comment_status":"open","ping_status":"open","sticky":false,"template":"","format":"standard","meta":{"footnotes":""},"categories":[4],"tags":[],"class_list":["post-3431","post","type-post","status-publish","format-standard","has-post-thumbnail","hentry","category-universidades"],"blog_post_layout_featured_media_urls":{"thumbnail":["https:\/\/elregionaldigital.info\/wp-content\/uploads\/2024\/09\/2-1-150x150.jpeg",150,150,true],"full":["https:\/\/elregionaldigital.info\/wp-content\/uploads\/2024\/09\/2-1.jpeg",1028,572,false]},"categories_names":{"4":{"name":"Universidades","link":"https:\/\/elregionaldigital.info\/?cat=4"}},"tags_names":[],"comments_number":"0","wpmagazine_modules_lite_featured_media_urls":{"thumbnail":["https:\/\/elregionaldigital.info\/wp-content\/uploads\/2024\/09\/2-1-150x150.jpeg",150,150,true],"cvmm-medium":["https:\/\/elregionaldigital.info\/wp-content\/uploads\/2024\/09\/2-1-300x300.jpeg",300,300,true],"cvmm-medium-plus":["https:\/\/elregionaldigital.info\/wp-content\/uploads\/2024\/09\/2-1-305x207.jpeg",305,207,true],"cvmm-portrait":["https:\/\/elregionaldigital.info\/wp-content\/uploads\/2024\/09\/2-1-400x572.jpeg",400,572,true],"cvmm-medium-square":["https:\/\/elregionaldigital.info\/wp-content\/uploads\/2024\/09\/2-1-600x572.jpeg",600,572,true],"cvmm-large":["https:\/\/elregionaldigital.info\/wp-content\/uploads\/2024\/09\/2-1-1024x572.jpeg",1024,572,true],"cvmm-small":["https:\/\/elregionaldigital.info\/wp-content\/uploads\/2024\/09\/2-1-130x95.jpeg",130,95,true],"full":["https:\/\/elregionaldigital.info\/wp-content\/uploads\/2024\/09\/2-1.jpeg",1028,572,false]},"_links":{"self":[{"href":"https:\/\/elregionaldigital.info\/index.php?rest_route=\/wp\/v2\/posts\/3431","targetHints":{"allow":["GET"]}}],"collection":[{"href":"https:\/\/elregionaldigital.info\/index.php?rest_route=\/wp\/v2\/posts"}],"about":[{"href":"https:\/\/elregionaldigital.info\/index.php?rest_route=\/wp\/v2\/types\/post"}],"author":[{"embeddable":true,"href":"https:\/\/elregionaldigital.info\/index.php?rest_route=\/wp\/v2\/users\/1"}],"replies":[{"embeddable":true,"href":"https:\/\/elregionaldigital.info\/index.php?rest_route=%2Fwp%2Fv2%2Fcomments&post=3431"}],"version-history":[{"count":1,"href":"https:\/\/elregionaldigital.info\/index.php?rest_route=\/wp\/v2\/posts\/3431\/revisions"}],"predecessor-version":[{"id":3433,"href":"https:\/\/elregionaldigital.info\/index.php?rest_route=\/wp\/v2\/posts\/3431\/revisions\/3433"}],"wp:featuredmedia":[{"embeddable":true,"href":"https:\/\/elregionaldigital.info\/index.php?rest_route=\/wp\/v2\/media\/3432"}],"wp:attachment":[{"href":"https:\/\/elregionaldigital.info\/index.php?rest_route=%2Fwp%2Fv2%2Fmedia&parent=3431"}],"wp:term":[{"taxonomy":"category","embeddable":true,"href":"https:\/\/elregionaldigital.info\/index.php?rest_route=%2Fwp%2Fv2%2Fcategories&post=3431"},{"taxonomy":"post_tag","embeddable":true,"href":"https:\/\/elregionaldigital.info\/index.php?rest_route=%2Fwp%2Fv2%2Ftags&post=3431"}],"curies":[{"name":"wp","href":"https:\/\/api.w.org\/{rel}","templated":true}]}}