{"id":3407,"date":"2024-09-09T13:56:12","date_gmt":"2024-09-09T13:56:12","guid":{"rendered":"https:\/\/elregionaldigital.info\/?p=3407"},"modified":"2024-09-06T13:56:37","modified_gmt":"2024-09-06T13:56:37","slug":"justin-timberlake-confirma-fecha-en-mexico-con-su-gira-the-forget-tomorrow","status":"publish","type":"post","link":"https:\/\/elregionaldigital.info\/?p=3407","title":{"rendered":"Justin Timberlake confirma fecha en M\u00e9xico con su gira \u201cThe Forget Tomorrow\u201d"},"content":{"rendered":"\n<p><a href=\"https:\/\/laverdad.com.mx\/wp-content\/uploads\/2024\/09\/justintimberlakje.jpg\"><\/a><\/p>\n\n\n\n<p>Justin Timberlake ha confirmado una fecha en M\u00e9xico para su gira \u201cThe Forget Tomorrow\u201d, programada para el 7 de febrero de 2025 en el Palacio de los Deportes de la Ciudad de M\u00e9xico. El anuncio fue bien recibido por los fans del cantante, quien no se presenta en el pa\u00eds desde hace varios a\u00f1os.<\/p>\n\n\n\n<p>La preventa de boletos comenzar\u00e1 el 11 de septiembre a las 11:00 AM, exclusivamente para tarjetahabientes de Citibanamex, mientras que la venta general ser\u00e1 el 12 de septiembre en Ticketmaster.<\/p>\n\n\n\n<p>Timberlake ha vuelto a los escenarios con gran \u00e9xito en esta nueva gira, sorprendiendo a su p\u00fablico con un espect\u00e1culo lleno de energ\u00eda y nostalgia. Su presentaci\u00f3n en M\u00e9xico precede a su participaci\u00f3n en festivales como Lollapalooza en Chile y Argentina en marzo de 2025.<\/p>\n","protected":false},"excerpt":{"rendered":"<p>Justin Timberlake ha confirmado una fecha en M\u00e9xico para su gira \u201cThe Forget Tomorrow\u201d, programada para el 7 de febrero de 2025 en el Palacio de los Deportes de la Ciudad de M\u00e9xico. El anuncio fue bien recibido por los fans del cantante, quien no se presenta en el pa\u00eds desde hace varios a\u00f1os. La [&hellip;]<\/p>\n","protected":false},"author":1,"featured_media":3408,"comment_status":"open","ping_status":"open","sticky":false,"template":"","format":"standard","meta":{"footnotes":""},"categories":[3],"tags":[],"class_list":["post-3407","post","type-post","status-publish","format-standard","has-post-thumbnail","hentry","category-entretenimiento"],"blog_post_layout_featured_media_urls":{"thumbnail":["https:\/\/elregionaldigital.info\/wp-content\/uploads\/2024\/09\/justintimberlakje-750x450-1-150x150.jpg",150,150,true],"full":["https:\/\/elregionaldigital.info\/wp-content\/uploads\/2024\/09\/justintimberlakje-750x450-1.jpg",750,450,false]},"categories_names":{"3":{"name":"Entretenimiento","link":"https:\/\/elregionaldigital.info\/?cat=3"}},"tags_names":[],"comments_number":"0","wpmagazine_modules_lite_featured_media_urls":{"thumbnail":["https:\/\/elregionaldigital.info\/wp-content\/uploads\/2024\/09\/justintimberlakje-750x450-1-150x150.jpg",150,150,true],"cvmm-medium":["https:\/\/elregionaldigital.info\/wp-content\/uploads\/2024\/09\/justintimberlakje-750x450-1-300x300.jpg",300,300,true],"cvmm-medium-plus":["https:\/\/elregionaldigital.info\/wp-content\/uploads\/2024\/09\/justintimberlakje-750x450-1-305x207.jpg",305,207,true],"cvmm-portrait":["https:\/\/elregionaldigital.info\/wp-content\/uploads\/2024\/09\/justintimberlakje-750x450-1-400x450.jpg",400,450,true],"cvmm-medium-square":["https:\/\/elregionaldigital.info\/wp-content\/uploads\/2024\/09\/justintimberlakje-750x450-1-600x450.jpg",600,450,true],"cvmm-large":["https:\/\/elregionaldigital.info\/wp-content\/uploads\/2024\/09\/justintimberlakje-750x450-1.jpg",750,450,false],"cvmm-small":["https:\/\/elregionaldigital.info\/wp-content\/uploads\/2024\/09\/justintimberlakje-750x450-1-130x95.jpg",130,95,true],"full":["https:\/\/elregionaldigital.info\/wp-content\/uploads\/2024\/09\/justintimberlakje-750x450-1.jpg",750,450,false]},"_links":{"self":[{"href":"https:\/\/elregionaldigital.info\/index.php?rest_route=\/wp\/v2\/posts\/3407","targetHints":{"allow":["GET"]}}],"collection":[{"href":"https:\/\/elregionaldigital.info\/index.php?rest_route=\/wp\/v2\/posts"}],"about":[{"href":"https:\/\/elregionaldigital.info\/index.php?rest_route=\/wp\/v2\/types\/post"}],"author":[{"embeddable":true,"href":"https:\/\/elregionaldigital.info\/index.php?rest_route=\/wp\/v2\/users\/1"}],"replies":[{"embeddable":true,"href":"https:\/\/elregionaldigital.info\/index.php?rest_route=%2Fwp%2Fv2%2Fcomments&post=3407"}],"version-history":[{"count":1,"href":"https:\/\/elregionaldigital.info\/index.php?rest_route=\/wp\/v2\/posts\/3407\/revisions"}],"predecessor-version":[{"id":3409,"href":"https:\/\/elregionaldigital.info\/index.php?rest_route=\/wp\/v2\/posts\/3407\/revisions\/3409"}],"wp:featuredmedia":[{"embeddable":true,"href":"https:\/\/elregionaldigital.info\/index.php?rest_route=\/wp\/v2\/media\/3408"}],"wp:attachment":[{"href":"https:\/\/elregionaldigital.info\/index.php?rest_route=%2Fwp%2Fv2%2Fmedia&parent=3407"}],"wp:term":[{"taxonomy":"category","embeddable":true,"href":"https:\/\/elregionaldigital.info\/index.php?rest_route=%2Fwp%2Fv2%2Fcategories&post=3407"},{"taxonomy":"post_tag","embeddable":true,"href":"https:\/\/elregionaldigital.info\/index.php?rest_route=%2Fwp%2Fv2%2Ftags&post=3407"}],"curies":[{"name":"wp","href":"https:\/\/api.w.org\/{rel}","templated":true}]}}