{"id":3404,"date":"2024-09-08T13:55:19","date_gmt":"2024-09-08T13:55:19","guid":{"rendered":"https:\/\/elregionaldigital.info\/?p=3404"},"modified":"2024-09-06T13:55:40","modified_gmt":"2024-09-06T13:55:40","slug":"vladimir-putin-ironiza-sobre-el-respaldo-a-kamala-harris","status":"publish","type":"post","link":"https:\/\/elregionaldigital.info\/?p=3404","title":{"rendered":"Vladimir Putin ironiza sobre el respaldo a Kamala Harris"},"content":{"rendered":"\n<p><a href=\"https:\/\/laverdad.com.mx\/wp-content\/uploads\/2024\/09\/KAMALA.jpg\"><\/a><\/p>\n\n\n\n<p>Este jueves, el presidente ruso Vladimir Putin hizo una declaraci\u00f3n ir\u00f3nica sobre la candidata dem\u00f3crata Kamala Harris, expresando su apoyo a su campa\u00f1a presidencial en las pr\u00f3ximas elecciones de noviembre en Estados Unidos. Durante un foro econ\u00f3mico en Vladivostok, Putin coment\u00f3 con una sonrisa que, siguiendo la recomendaci\u00f3n del presidente Joe Biden, tambi\u00e9n apoyar\u00eda a Harris en su contienda contra Donald Trump.<\/p>\n\n\n\n<p>El mandatario ruso a\u00f1adi\u00f3 con tono sarc\u00e1stico que Harris \u201ctiene una risa contagiosa\u201d, sugiriendo que le est\u00e1 yendo bien en su campa\u00f1a. Estas declaraciones se producen un d\u00eda despu\u00e9s de que Estados Unidos acusara nuevamente a Rusia de injerencia en sus elecciones, lo que ha generado escepticismo entre los analistas que creen que Mosc\u00fa preferir\u00eda el regreso de Trump al poder debido a su enfoque m\u00e1s flexible hacia Rusia.<\/p>\n\n\n\n<p>Mientras tanto, las tensiones entre ambos pa\u00edses contin\u00faan, con Washington imponiendo sanciones a figuras del medio de comunicaci\u00f3n ruso RT, acusados de interferir en el proceso electoral estadounidense.<\/p>\n","protected":false},"excerpt":{"rendered":"<p>Este jueves, el presidente ruso Vladimir Putin hizo una declaraci\u00f3n ir\u00f3nica sobre la candidata dem\u00f3crata Kamala Harris, expresando su apoyo a su campa\u00f1a presidencial en las pr\u00f3ximas elecciones de noviembre en Estados Unidos. Durante un foro econ\u00f3mico en Vladivostok, Putin coment\u00f3 con una sonrisa que, siguiendo la recomendaci\u00f3n del presidente Joe Biden, tambi\u00e9n apoyar\u00eda a [&hellip;]<\/p>\n","protected":false},"author":1,"featured_media":3405,"comment_status":"open","ping_status":"open","sticky":false,"template":"","format":"standard","meta":{"footnotes":""},"categories":[11],"tags":[],"class_list":["post-3404","post","type-post","status-publish","format-standard","has-post-thumbnail","hentry","category-mundo"],"blog_post_layout_featured_media_urls":{"thumbnail":["https:\/\/elregionaldigital.info\/wp-content\/uploads\/2024\/09\/KAMALA-750x450-1-150x150.jpg",150,150,true],"full":["https:\/\/elregionaldigital.info\/wp-content\/uploads\/2024\/09\/KAMALA-750x450-1.jpg",750,450,false]},"categories_names":{"11":{"name":"Mundo","link":"https:\/\/elregionaldigital.info\/?cat=11"}},"tags_names":[],"comments_number":"0","wpmagazine_modules_lite_featured_media_urls":{"thumbnail":["https:\/\/elregionaldigital.info\/wp-content\/uploads\/2024\/09\/KAMALA-750x450-1-150x150.jpg",150,150,true],"cvmm-medium":["https:\/\/elregionaldigital.info\/wp-content\/uploads\/2024\/09\/KAMALA-750x450-1-300x300.jpg",300,300,true],"cvmm-medium-plus":["https:\/\/elregionaldigital.info\/wp-content\/uploads\/2024\/09\/KAMALA-750x450-1-305x207.jpg",305,207,true],"cvmm-portrait":["https:\/\/elregionaldigital.info\/wp-content\/uploads\/2024\/09\/KAMALA-750x450-1-400x450.jpg",400,450,true],"cvmm-medium-square":["https:\/\/elregionaldigital.info\/wp-content\/uploads\/2024\/09\/KAMALA-750x450-1-600x450.jpg",600,450,true],"cvmm-large":["https:\/\/elregionaldigital.info\/wp-content\/uploads\/2024\/09\/KAMALA-750x450-1.jpg",750,450,false],"cvmm-small":["https:\/\/elregionaldigital.info\/wp-content\/uploads\/2024\/09\/KAMALA-750x450-1-130x95.jpg",130,95,true],"full":["https:\/\/elregionaldigital.info\/wp-content\/uploads\/2024\/09\/KAMALA-750x450-1.jpg",750,450,false]},"_links":{"self":[{"href":"https:\/\/elregionaldigital.info\/index.php?rest_route=\/wp\/v2\/posts\/3404","targetHints":{"allow":["GET"]}}],"collection":[{"href":"https:\/\/elregionaldigital.info\/index.php?rest_route=\/wp\/v2\/posts"}],"about":[{"href":"https:\/\/elregionaldigital.info\/index.php?rest_route=\/wp\/v2\/types\/post"}],"author":[{"embeddable":true,"href":"https:\/\/elregionaldigital.info\/index.php?rest_route=\/wp\/v2\/users\/1"}],"replies":[{"embeddable":true,"href":"https:\/\/elregionaldigital.info\/index.php?rest_route=%2Fwp%2Fv2%2Fcomments&post=3404"}],"version-history":[{"count":1,"href":"https:\/\/elregionaldigital.info\/index.php?rest_route=\/wp\/v2\/posts\/3404\/revisions"}],"predecessor-version":[{"id":3406,"href":"https:\/\/elregionaldigital.info\/index.php?rest_route=\/wp\/v2\/posts\/3404\/revisions\/3406"}],"wp:featuredmedia":[{"embeddable":true,"href":"https:\/\/elregionaldigital.info\/index.php?rest_route=\/wp\/v2\/media\/3405"}],"wp:attachment":[{"href":"https:\/\/elregionaldigital.info\/index.php?rest_route=%2Fwp%2Fv2%2Fmedia&parent=3404"}],"wp:term":[{"taxonomy":"category","embeddable":true,"href":"https:\/\/elregionaldigital.info\/index.php?rest_route=%2Fwp%2Fv2%2Fcategories&post=3404"},{"taxonomy":"post_tag","embeddable":true,"href":"https:\/\/elregionaldigital.info\/index.php?rest_route=%2Fwp%2Fv2%2Ftags&post=3404"}],"curies":[{"name":"wp","href":"https:\/\/api.w.org\/{rel}","templated":true}]}}