{"id":3391,"date":"2024-09-04T18:52:00","date_gmt":"2024-09-04T18:52:00","guid":{"rendered":"https:\/\/elregionaldigital.info\/?p=3391"},"modified":"2024-09-04T18:52:01","modified_gmt":"2024-09-04T18:52:01","slug":"profesor-de-la-uat-representara-a-mexico-en-competencia-internacional-de-crossfit","status":"publish","type":"post","link":"https:\/\/elregionaldigital.info\/?p=3391","title":{"rendered":"Profesor de la UAT representar\u00e1 a M\u00e9xico en Competencia Internacional de CrossFit"},"content":{"rendered":"\n<p><\/p>\n\n\n\n<p>El catedr\u00e1tico de la Licenciatura de Nutrici\u00f3n de la Universidad Aut\u00f3noma de<br>Tamaulipas (UAT) C\u00e9sar Vallejo, reconocido tanto en el \u00e1mbito acad\u00e9mico como<br>en el deporte, participar\u00e1 en la competencia internacional de CrossFit \u201cCopa TYR<br>Wodapalooza: Norteam\u00e9rica Contra el Mundo\u201d, que se llevar\u00e1 a cabo en Los<br>\u00c1ngeles, California, del 20 al 22 de septiembre.<br>Esta competencia, considerada la segunda m\u00e1s importante a nivel mundial<br>en el \u00e1mbito del CrossFit (despu\u00e9s de los CrossFit Games), reunir\u00e1 a los mejores<br>atletas de todo el mundo, incluyendo a los actuales campeones globales.<br>C\u00e9sar Vallejo representar\u00e1 a M\u00e9xico en la categor\u00eda RX, buscando<br>posicionarse nuevamente como uno de los atletas de CrossFit m\u00e1s destacados del<br>pa\u00eds.<br>En esta ocasi\u00f3n, competir\u00e1 en tercias formando el equipo Training Store<br>M\u00e9xico junto a los reconocidos atletas Juan Cruz y Daniel Haro, ambos de la<br>Ciudad de M\u00e9xico. El equipo buscar\u00e1 destacarse entre los mejores atletas del<br>mundo.<br>La participaci\u00f3n de C\u00e9sar Vallejo en esta competencia deportiva internacional<br>no solo pone en alto el nombre de M\u00e9xico, tambi\u00e9n refleja el compromiso de la<br>UAT en apoyar y promover el talento integral de su cuerpo acad\u00e9mico.<br>Para la UAT es motivo de orgullo contar con catedr\u00e1ticos como C\u00e9sar Vallejo,<br>que adem\u00e1s de destacar en el \u00e1mbito acad\u00e9mico tambi\u00e9n inspiran con su ejemplo<br>en el deporte.<\/p>\n","protected":false},"excerpt":{"rendered":"<p>El catedr\u00e1tico de la Licenciatura de Nutrici\u00f3n de la Universidad Aut\u00f3noma deTamaulipas (UAT) C\u00e9sar Vallejo, reconocido tanto en el \u00e1mbito acad\u00e9mico comoen el deporte, participar\u00e1 en la competencia internacional de CrossFit \u201cCopa TYRWodapalooza: Norteam\u00e9rica Contra el Mundo\u201d, que se llevar\u00e1 a cabo en Los\u00c1ngeles, California, del 20 al 22 de septiembre.Esta competencia, considerada la segunda [&hellip;]<\/p>\n","protected":false},"author":1,"featured_media":3392,"comment_status":"open","ping_status":"open","sticky":false,"template":"","format":"standard","meta":{"footnotes":""},"categories":[6],"tags":[],"class_list":["post-3391","post","type-post","status-publish","format-standard","has-post-thumbnail","hentry","category-deportes"],"blog_post_layout_featured_media_urls":{"thumbnail":["https:\/\/elregionaldigital.info\/wp-content\/uploads\/2024\/09\/1-2-150x150.jpg",150,150,true],"full":["https:\/\/elregionaldigital.info\/wp-content\/uploads\/2024\/09\/1-2-scaled.jpg",2560,1707,false]},"categories_names":{"6":{"name":"Deportes","link":"https:\/\/elregionaldigital.info\/?cat=6"}},"tags_names":[],"comments_number":"0","wpmagazine_modules_lite_featured_media_urls":{"thumbnail":["https:\/\/elregionaldigital.info\/wp-content\/uploads\/2024\/09\/1-2-150x150.jpg",150,150,true],"cvmm-medium":["https:\/\/elregionaldigital.info\/wp-content\/uploads\/2024\/09\/1-2-300x300.jpg",300,300,true],"cvmm-medium-plus":["https:\/\/elregionaldigital.info\/wp-content\/uploads\/2024\/09\/1-2-305x207.jpg",305,207,true],"cvmm-portrait":["https:\/\/elregionaldigital.info\/wp-content\/uploads\/2024\/09\/1-2-400x600.jpg",400,600,true],"cvmm-medium-square":["https:\/\/elregionaldigital.info\/wp-content\/uploads\/2024\/09\/1-2-600x600.jpg",600,600,true],"cvmm-large":["https:\/\/elregionaldigital.info\/wp-content\/uploads\/2024\/09\/1-2-1024x1024.jpg",1024,1024,true],"cvmm-small":["https:\/\/elregionaldigital.info\/wp-content\/uploads\/2024\/09\/1-2-130x95.jpg",130,95,true],"full":["https:\/\/elregionaldigital.info\/wp-content\/uploads\/2024\/09\/1-2-scaled.jpg",2560,1707,false]},"_links":{"self":[{"href":"https:\/\/elregionaldigital.info\/index.php?rest_route=\/wp\/v2\/posts\/3391","targetHints":{"allow":["GET"]}}],"collection":[{"href":"https:\/\/elregionaldigital.info\/index.php?rest_route=\/wp\/v2\/posts"}],"about":[{"href":"https:\/\/elregionaldigital.info\/index.php?rest_route=\/wp\/v2\/types\/post"}],"author":[{"embeddable":true,"href":"https:\/\/elregionaldigital.info\/index.php?rest_route=\/wp\/v2\/users\/1"}],"replies":[{"embeddable":true,"href":"https:\/\/elregionaldigital.info\/index.php?rest_route=%2Fwp%2Fv2%2Fcomments&post=3391"}],"version-history":[{"count":1,"href":"https:\/\/elregionaldigital.info\/index.php?rest_route=\/wp\/v2\/posts\/3391\/revisions"}],"predecessor-version":[{"id":3393,"href":"https:\/\/elregionaldigital.info\/index.php?rest_route=\/wp\/v2\/posts\/3391\/revisions\/3393"}],"wp:featuredmedia":[{"embeddable":true,"href":"https:\/\/elregionaldigital.info\/index.php?rest_route=\/wp\/v2\/media\/3392"}],"wp:attachment":[{"href":"https:\/\/elregionaldigital.info\/index.php?rest_route=%2Fwp%2Fv2%2Fmedia&parent=3391"}],"wp:term":[{"taxonomy":"category","embeddable":true,"href":"https:\/\/elregionaldigital.info\/index.php?rest_route=%2Fwp%2Fv2%2Fcategories&post=3391"},{"taxonomy":"post_tag","embeddable":true,"href":"https:\/\/elregionaldigital.info\/index.php?rest_route=%2Fwp%2Fv2%2Ftags&post=3391"}],"curies":[{"name":"wp","href":"https:\/\/api.w.org\/{rel}","templated":true}]}}