{"id":3388,"date":"2024-09-06T14:48:13","date_gmt":"2024-09-06T14:48:13","guid":{"rendered":"https:\/\/elregionaldigital.info\/?p=3388"},"modified":"2024-09-04T14:50:41","modified_gmt":"2024-09-04T14:50:41","slug":"intensas-lluvias-dejan-52-milimetros-de-agua-en-cd-victoria","status":"publish","type":"post","link":"https:\/\/elregionaldigital.info\/?p=3388","title":{"rendered":"Intensas lluvias dejan 52 mil\u00edmetros de agua en Cd. Victoria"},"content":{"rendered":"\n<p>Con 52 mil\u00edmetros de precipitaci\u00f3n pluvial registrados en esta Ciudad Capital salvo algunas afectaciones se tuvo un saldo blanco ya que no hubo personas lesionadas, asever\u00f3 el Coordinador Municipal de Protecci\u00f3n Civil Juan Jos\u00e9 Perales Jaramillo.<\/p>\n\n\n\n<p>\u201cFueron 52 mil\u00edmetros seg\u00fan el monitoreo de Comapa, da\u00f1os a veh\u00edculos, algunas viviendas se les meti\u00f3 el agua, sus muebles s\u00ed se mojaron, pero personas lesionadas no ha habido, seguimos con saldo blanco\u201d, refiri\u00f3 el titular de PC en esta Capital.<\/p>\n\n\n\n<p>Tras se\u00f1alar que siguen trabajando en el operativo permanente por lluvias, coordinados con Protecci\u00f3n Civil del Estado, Guardia Estatal y Tr\u00e1nsito Municipal, refiri\u00f3; \u201cs\u00ed hubo afectaciones, algunos carros se quedaron varados, se metieron al agua y fueron apoyados inmediatamente por el Cuerpo de Bomberos\u201d.<\/p>\n\n\n\n<p>Y agreg\u00f3; \u201cen algunas casas se meti\u00f3 el agua, estuvimos ofreciendo el refugio temporal\u201d.<\/p>\n\n\n\n<p>Dijo que los casos de veh\u00edculos varados o casas inundadas se registraron en diferentes puntos de la ciudad, sin embargo, se\u00f1al\u00f3 como uno de los puntos cr\u00edticos el Ejido Guadalupe Victoria.<\/p>\n\n\n\n<p>\u201cYa los vecinos del sector saben c\u00f3mo actuar y saben que el agua va de paso, en menos de dos horas desaparece el agua\u201d, se\u00f1al\u00f3.<\/p>\n\n\n\n<p>Perales Jaramillo hizo un llamado a la ciudadan\u00eda a no tirar basura en la v\u00eda p\u00fablica o drenes pluviales para evitar taponamientos en desag\u00fces que despu\u00e9s pueden traer como consecuencia inundaciones.<\/p>\n\n\n\n<p>\u201cLo que es Obras p\u00fablicas, Servicios P\u00fablicos, Comapa, est\u00e1n muy pendientes de los drenes pluviales, los est\u00e1n limpiando constantemente\u201d.<\/p>\n\n\n\n<p>Cabe se\u00f1alar que Perales Jaramillo advirti\u00f3 que seguir\u00e1n registr\u00e1ndose fuertes lluvias, por lo que insisti\u00f3 en la recomendaci\u00f3n a la ciudadan\u00eda a evitar circular por los lugares donde se forman severos encharcamientos.<\/p>\n","protected":false},"excerpt":{"rendered":"<p>Con 52 mil\u00edmetros de precipitaci\u00f3n pluvial registrados en esta Ciudad Capital salvo algunas afectaciones se tuvo un saldo blanco ya que no hubo personas lesionadas, asever\u00f3 el Coordinador Municipal de Protecci\u00f3n Civil Juan Jos\u00e9 Perales Jaramillo. \u201cFueron 52 mil\u00edmetros seg\u00fan el monitoreo de Comapa, da\u00f1os a veh\u00edculos, algunas viviendas se les meti\u00f3 el agua, sus [&hellip;]<\/p>\n","protected":false},"author":1,"featured_media":3389,"comment_status":"open","ping_status":"open","sticky":false,"template":"","format":"standard","meta":{"footnotes":""},"categories":[2],"tags":[],"class_list":["post-3388","post","type-post","status-publish","format-standard","has-post-thumbnail","hentry","category-tamaulipas"],"blog_post_layout_featured_media_urls":{"thumbnail":["https:\/\/elregionaldigital.info\/wp-content\/uploads\/2024\/09\/3ae042640577235545395c9c8c33aee0120ab20bw-150x150.jpg",150,150,true],"full":["https:\/\/elregionaldigital.info\/wp-content\/uploads\/2024\/09\/3ae042640577235545395c9c8c33aee0120ab20bw.jpg",1920,1281,false]},"categories_names":{"2":{"name":"Tamaulipas","link":"https:\/\/elregionaldigital.info\/?cat=2"}},"tags_names":[],"comments_number":"0","wpmagazine_modules_lite_featured_media_urls":{"thumbnail":["https:\/\/elregionaldigital.info\/wp-content\/uploads\/2024\/09\/3ae042640577235545395c9c8c33aee0120ab20bw-150x150.jpg",150,150,true],"cvmm-medium":["https:\/\/elregionaldigital.info\/wp-content\/uploads\/2024\/09\/3ae042640577235545395c9c8c33aee0120ab20bw-300x300.jpg",300,300,true],"cvmm-medium-plus":["https:\/\/elregionaldigital.info\/wp-content\/uploads\/2024\/09\/3ae042640577235545395c9c8c33aee0120ab20bw-305x207.jpg",305,207,true],"cvmm-portrait":["https:\/\/elregionaldigital.info\/wp-content\/uploads\/2024\/09\/3ae042640577235545395c9c8c33aee0120ab20bw-400x600.jpg",400,600,true],"cvmm-medium-square":["https:\/\/elregionaldigital.info\/wp-content\/uploads\/2024\/09\/3ae042640577235545395c9c8c33aee0120ab20bw-600x600.jpg",600,600,true],"cvmm-large":["https:\/\/elregionaldigital.info\/wp-content\/uploads\/2024\/09\/3ae042640577235545395c9c8c33aee0120ab20bw-1024x1024.jpg",1024,1024,true],"cvmm-small":["https:\/\/elregionaldigital.info\/wp-content\/uploads\/2024\/09\/3ae042640577235545395c9c8c33aee0120ab20bw-130x95.jpg",130,95,true],"full":["https:\/\/elregionaldigital.info\/wp-content\/uploads\/2024\/09\/3ae042640577235545395c9c8c33aee0120ab20bw.jpg",1920,1281,false]},"_links":{"self":[{"href":"https:\/\/elregionaldigital.info\/index.php?rest_route=\/wp\/v2\/posts\/3388","targetHints":{"allow":["GET"]}}],"collection":[{"href":"https:\/\/elregionaldigital.info\/index.php?rest_route=\/wp\/v2\/posts"}],"about":[{"href":"https:\/\/elregionaldigital.info\/index.php?rest_route=\/wp\/v2\/types\/post"}],"author":[{"embeddable":true,"href":"https:\/\/elregionaldigital.info\/index.php?rest_route=\/wp\/v2\/users\/1"}],"replies":[{"embeddable":true,"href":"https:\/\/elregionaldigital.info\/index.php?rest_route=%2Fwp%2Fv2%2Fcomments&post=3388"}],"version-history":[{"count":1,"href":"https:\/\/elregionaldigital.info\/index.php?rest_route=\/wp\/v2\/posts\/3388\/revisions"}],"predecessor-version":[{"id":3390,"href":"https:\/\/elregionaldigital.info\/index.php?rest_route=\/wp\/v2\/posts\/3388\/revisions\/3390"}],"wp:featuredmedia":[{"embeddable":true,"href":"https:\/\/elregionaldigital.info\/index.php?rest_route=\/wp\/v2\/media\/3389"}],"wp:attachment":[{"href":"https:\/\/elregionaldigital.info\/index.php?rest_route=%2Fwp%2Fv2%2Fmedia&parent=3388"}],"wp:term":[{"taxonomy":"category","embeddable":true,"href":"https:\/\/elregionaldigital.info\/index.php?rest_route=%2Fwp%2Fv2%2Fcategories&post=3388"},{"taxonomy":"post_tag","embeddable":true,"href":"https:\/\/elregionaldigital.info\/index.php?rest_route=%2Fwp%2Fv2%2Ftags&post=3388"}],"curies":[{"name":"wp","href":"https:\/\/api.w.org\/{rel}","templated":true}]}}