{"id":3385,"date":"2024-09-04T14:47:23","date_gmt":"2024-09-04T14:47:23","guid":{"rendered":"https:\/\/elregionaldigital.info\/?p=3385"},"modified":"2024-09-04T14:47:37","modified_gmt":"2024-09-04T14:47:37","slug":"trabajadores-del-poder-judicial-acusan-a-morena-y-sus-aliados-de-rechazar-dialogo","status":"publish","type":"post","link":"https:\/\/elregionaldigital.info\/?p=3385","title":{"rendered":"Trabajadores del Poder Judicial acusan a Morena y sus aliados de rechazar di\u00e1logo"},"content":{"rendered":"\n<p>No hay ninguna posibilidad de di\u00e1logo con los diputados de Morena ni sus aliados, acus\u00f3 Patricia Aguayo Bernal, vocera de los trabajadores del Poder Judicial.<\/p>\n\n\n\n<p>\u201cNo hay capacidad de entendimiento. La \u00fanica capacidad que tienen es la de obediencia y de lealtad, que en 90% exige el Presidente (Andr\u00e9s Manuel L\u00f3pez Obrador)\u201d, asegur\u00f3.<\/p>\n\n\n\n<p>Coment\u00f3 que buscaron por \u201ctodos los medios tener un acercamiento, que nos escuchen, hemos venido de manera verbal a solicitar audiencia, hemos venido a solicitarla por escrito en diversas ocasiones. No solamente con escritos de los trabajadores, sino tambi\u00e9n de la Asociaci\u00f3n Nacional de Magistrados de Circuito y Jueces de Distrito del Poder Judicial de la Federaci\u00f3n (Jufed), del Colegio de Secretarios y Actuarios, de los compa\u00f1eros representantes de los 32 circuitos, y no hemos podido obtener una sola respuesta positiva para que nos escuchen\u201d.<\/p>\n\n\n\n<p>La trabajadora del Poder Judicial asever\u00f3 que van a permanecer en el bloqueo al Palacio Legislativo de San L\u00e1zaro, pese a que Ricardo Monreal, coordinador de los Diputados de Morena, hab\u00eda anunciado que sesionar\u00edan en una sede alterna.<\/p>\n\n\n\n<p>\u201cY podr\u00e1n hacerlo donde quieran irse a sesionar, pero aqu\u00ed en San L\u00e1zaro no lo van a hacer\u201d, garantiz\u00f3.<\/p>\n\n\n\n<p>Aguayo Bernal explic\u00f3 que los trabajadores del Poder Judicial se organizaron para realizar el bloqueo en diferentes turnos en los que tambi\u00e9n participan jueces y magistrados.<\/p>\n","protected":false},"excerpt":{"rendered":"<p>No hay ninguna posibilidad de di\u00e1logo con los diputados de Morena ni sus aliados, acus\u00f3 Patricia Aguayo Bernal, vocera de los trabajadores del Poder Judicial. \u201cNo hay capacidad de entendimiento. La \u00fanica capacidad que tienen es la de obediencia y de lealtad, que en 90% exige el Presidente (Andr\u00e9s Manuel L\u00f3pez Obrador)\u201d, asegur\u00f3. Coment\u00f3 que [&hellip;]<\/p>\n","protected":false},"author":1,"featured_media":3386,"comment_status":"open","ping_status":"open","sticky":false,"template":"","format":"standard","meta":{"footnotes":""},"categories":[5],"tags":[],"class_list":["post-3385","post","type-post","status-publish","format-standard","has-post-thumbnail","hentry","category-nacional"],"blog_post_layout_featured_media_urls":{"thumbnail":["https:\/\/elregionaldigital.info\/wp-content\/uploads\/2024\/09\/Poder-Judicial-AMLO-Zaldivar-2-150x150.jpg",150,150,true],"full":["https:\/\/elregionaldigital.info\/wp-content\/uploads\/2024\/09\/Poder-Judicial-AMLO-Zaldivar-2.jpg",1200,800,false]},"categories_names":{"5":{"name":"Nacional","link":"https:\/\/elregionaldigital.info\/?cat=5"}},"tags_names":[],"comments_number":"0","wpmagazine_modules_lite_featured_media_urls":{"thumbnail":["https:\/\/elregionaldigital.info\/wp-content\/uploads\/2024\/09\/Poder-Judicial-AMLO-Zaldivar-2-150x150.jpg",150,150,true],"cvmm-medium":["https:\/\/elregionaldigital.info\/wp-content\/uploads\/2024\/09\/Poder-Judicial-AMLO-Zaldivar-2-300x300.jpg",300,300,true],"cvmm-medium-plus":["https:\/\/elregionaldigital.info\/wp-content\/uploads\/2024\/09\/Poder-Judicial-AMLO-Zaldivar-2-305x207.jpg",305,207,true],"cvmm-portrait":["https:\/\/elregionaldigital.info\/wp-content\/uploads\/2024\/09\/Poder-Judicial-AMLO-Zaldivar-2-400x600.jpg",400,600,true],"cvmm-medium-square":["https:\/\/elregionaldigital.info\/wp-content\/uploads\/2024\/09\/Poder-Judicial-AMLO-Zaldivar-2-600x600.jpg",600,600,true],"cvmm-large":["https:\/\/elregionaldigital.info\/wp-content\/uploads\/2024\/09\/Poder-Judicial-AMLO-Zaldivar-2-1024x800.jpg",1024,800,true],"cvmm-small":["https:\/\/elregionaldigital.info\/wp-content\/uploads\/2024\/09\/Poder-Judicial-AMLO-Zaldivar-2-130x95.jpg",130,95,true],"full":["https:\/\/elregionaldigital.info\/wp-content\/uploads\/2024\/09\/Poder-Judicial-AMLO-Zaldivar-2.jpg",1200,800,false]},"_links":{"self":[{"href":"https:\/\/elregionaldigital.info\/index.php?rest_route=\/wp\/v2\/posts\/3385","targetHints":{"allow":["GET"]}}],"collection":[{"href":"https:\/\/elregionaldigital.info\/index.php?rest_route=\/wp\/v2\/posts"}],"about":[{"href":"https:\/\/elregionaldigital.info\/index.php?rest_route=\/wp\/v2\/types\/post"}],"author":[{"embeddable":true,"href":"https:\/\/elregionaldigital.info\/index.php?rest_route=\/wp\/v2\/users\/1"}],"replies":[{"embeddable":true,"href":"https:\/\/elregionaldigital.info\/index.php?rest_route=%2Fwp%2Fv2%2Fcomments&post=3385"}],"version-history":[{"count":1,"href":"https:\/\/elregionaldigital.info\/index.php?rest_route=\/wp\/v2\/posts\/3385\/revisions"}],"predecessor-version":[{"id":3387,"href":"https:\/\/elregionaldigital.info\/index.php?rest_route=\/wp\/v2\/posts\/3385\/revisions\/3387"}],"wp:featuredmedia":[{"embeddable":true,"href":"https:\/\/elregionaldigital.info\/index.php?rest_route=\/wp\/v2\/media\/3386"}],"wp:attachment":[{"href":"https:\/\/elregionaldigital.info\/index.php?rest_route=%2Fwp%2Fv2%2Fmedia&parent=3385"}],"wp:term":[{"taxonomy":"category","embeddable":true,"href":"https:\/\/elregionaldigital.info\/index.php?rest_route=%2Fwp%2Fv2%2Fcategories&post=3385"},{"taxonomy":"post_tag","embeddable":true,"href":"https:\/\/elregionaldigital.info\/index.php?rest_route=%2Fwp%2Fv2%2Ftags&post=3385"}],"curies":[{"name":"wp","href":"https:\/\/api.w.org\/{rel}","templated":true}]}}