{"id":3379,"date":"2024-09-03T14:44:41","date_gmt":"2024-09-03T14:44:41","guid":{"rendered":"https:\/\/elregionaldigital.info\/?p=3379"},"modified":"2024-09-04T14:44:58","modified_gmt":"2024-09-04T14:44:58","slug":"despues-de-110-anos-abren-sepulcro-de-santa-teresa-sus-restos-estan-incorruptos","status":"publish","type":"post","link":"https:\/\/elregionaldigital.info\/?p=3379","title":{"rendered":"Despu\u00e9s de 110 a\u00f1os abren sepulcro de Santa Teresa: sus restos est\u00e1n incorruptos"},"content":{"rendered":"\n<p>El sepulcro de Santa Teresa de Jes\u00fas, ubicado en el municipio salmantino de Alba de Tormes y custodiado por la Orden del Carmelo Descalzo, ha sido reabierto este mi\u00e9rcoles por primera vez en 110 a\u00f1os. La \u00faltima vez que se abri\u00f3 fue en 1914, y en esta ocasi\u00f3n, la apertura forma parte de un estudio sobre la conservaci\u00f3n de las reliquias de la Santa, que ser\u00e1 realizado por un equipo de expertos italianos.<\/p>\n\n\n\n<p>Representantes de la Di\u00f3cesis de Salamanca, los Carmelitas, y las Hijas de la Caridad estuvieron presentes en la iglesia bas\u00edlica de la Anunciaci\u00f3n de las Madres Carmelitas de Alba de Tormes para presenciar la apertura del sepulcro. Este acto permitir\u00e1 evaluar el estado de los relicarios que contienen el coraz\u00f3n, el brazo y la mano de Santa Teresa, esta \u00faltima trasladada recientemente desde Ronda, M\u00e1laga.<\/p>\n\n\n\n<p>El prior de los Carmelitas de Alba y Salamanca, Miguel \u00c1ngel Gonz\u00e1lez, explic\u00f3 que los trabajos de an\u00e1lisis se llevar\u00e1n a cabo hasta el s\u00e1bado, con la esperanza de que las reliquias mantengan un buen estado de conservaci\u00f3n. El equipo de expertos, dirigido por Luigi Capasso, ha sido responsable de mover la pesada losa de m\u00e1rmol que cubre el sepulcro y extraer la urna que contiene las reliquias.<\/p>\n\n\n\n<p>El an\u00e1lisis se realizar\u00e1 en una estancia especial dentro del convento de clausura de Alba de Tormes, adonde la urna fue llevada en procesi\u00f3n, acompa\u00f1ada del canto \u2018Te Deum\u2019. La urna, protegida por cuatro llaves, fue abierta para permitir que el equipo cient\u00edfico comenzara su trabajo, supervisado por representantes de la Orden Carmelita.<\/p>\n","protected":false},"excerpt":{"rendered":"<p>El sepulcro de Santa Teresa de Jes\u00fas, ubicado en el municipio salmantino de Alba de Tormes y custodiado por la Orden del Carmelo Descalzo, ha sido reabierto este mi\u00e9rcoles por primera vez en 110 a\u00f1os. La \u00faltima vez que se abri\u00f3 fue en 1914, y en esta ocasi\u00f3n, la apertura forma parte de un estudio [&hellip;]<\/p>\n","protected":false},"author":1,"featured_media":3380,"comment_status":"open","ping_status":"open","sticky":false,"template":"","format":"standard","meta":{"footnotes":""},"categories":[11],"tags":[],"class_list":["post-3379","post","type-post","status-publish","format-standard","has-post-thumbnail","hentry","category-mundo"],"blog_post_layout_featured_media_urls":{"thumbnail":["https:\/\/elregionaldigital.info\/wp-content\/uploads\/2024\/09\/Captura-de-pantalla-2024-09-04-084354-150x150.jpg",150,150,true],"full":["https:\/\/elregionaldigital.info\/wp-content\/uploads\/2024\/09\/Captura-de-pantalla-2024-09-04-084354.jpg",720,396,false]},"categories_names":{"11":{"name":"Mundo","link":"https:\/\/elregionaldigital.info\/?cat=11"}},"tags_names":[],"comments_number":"0","wpmagazine_modules_lite_featured_media_urls":{"thumbnail":["https:\/\/elregionaldigital.info\/wp-content\/uploads\/2024\/09\/Captura-de-pantalla-2024-09-04-084354-150x150.jpg",150,150,true],"cvmm-medium":["https:\/\/elregionaldigital.info\/wp-content\/uploads\/2024\/09\/Captura-de-pantalla-2024-09-04-084354-300x300.jpg",300,300,true],"cvmm-medium-plus":["https:\/\/elregionaldigital.info\/wp-content\/uploads\/2024\/09\/Captura-de-pantalla-2024-09-04-084354-305x207.jpg",305,207,true],"cvmm-portrait":["https:\/\/elregionaldigital.info\/wp-content\/uploads\/2024\/09\/Captura-de-pantalla-2024-09-04-084354-400x396.jpg",400,396,true],"cvmm-medium-square":["https:\/\/elregionaldigital.info\/wp-content\/uploads\/2024\/09\/Captura-de-pantalla-2024-09-04-084354-600x396.jpg",600,396,true],"cvmm-large":["https:\/\/elregionaldigital.info\/wp-content\/uploads\/2024\/09\/Captura-de-pantalla-2024-09-04-084354.jpg",720,396,false],"cvmm-small":["https:\/\/elregionaldigital.info\/wp-content\/uploads\/2024\/09\/Captura-de-pantalla-2024-09-04-084354-130x95.jpg",130,95,true],"full":["https:\/\/elregionaldigital.info\/wp-content\/uploads\/2024\/09\/Captura-de-pantalla-2024-09-04-084354.jpg",720,396,false]},"_links":{"self":[{"href":"https:\/\/elregionaldigital.info\/index.php?rest_route=\/wp\/v2\/posts\/3379","targetHints":{"allow":["GET"]}}],"collection":[{"href":"https:\/\/elregionaldigital.info\/index.php?rest_route=\/wp\/v2\/posts"}],"about":[{"href":"https:\/\/elregionaldigital.info\/index.php?rest_route=\/wp\/v2\/types\/post"}],"author":[{"embeddable":true,"href":"https:\/\/elregionaldigital.info\/index.php?rest_route=\/wp\/v2\/users\/1"}],"replies":[{"embeddable":true,"href":"https:\/\/elregionaldigital.info\/index.php?rest_route=%2Fwp%2Fv2%2Fcomments&post=3379"}],"version-history":[{"count":1,"href":"https:\/\/elregionaldigital.info\/index.php?rest_route=\/wp\/v2\/posts\/3379\/revisions"}],"predecessor-version":[{"id":3381,"href":"https:\/\/elregionaldigital.info\/index.php?rest_route=\/wp\/v2\/posts\/3379\/revisions\/3381"}],"wp:featuredmedia":[{"embeddable":true,"href":"https:\/\/elregionaldigital.info\/index.php?rest_route=\/wp\/v2\/media\/3380"}],"wp:attachment":[{"href":"https:\/\/elregionaldigital.info\/index.php?rest_route=%2Fwp%2Fv2%2Fmedia&parent=3379"}],"wp:term":[{"taxonomy":"category","embeddable":true,"href":"https:\/\/elregionaldigital.info\/index.php?rest_route=%2Fwp%2Fv2%2Fcategories&post=3379"},{"taxonomy":"post_tag","embeddable":true,"href":"https:\/\/elregionaldigital.info\/index.php?rest_route=%2Fwp%2Fv2%2Ftags&post=3379"}],"curies":[{"name":"wp","href":"https:\/\/api.w.org\/{rel}","templated":true}]}}