{"id":3376,"date":"2024-09-03T13:39:41","date_gmt":"2024-09-03T13:39:41","guid":{"rendered":"https:\/\/elregionaldigital.info\/?p=3376"},"modified":"2024-09-04T13:40:13","modified_gmt":"2024-09-04T13:40:13","slug":"lanzara-la-loteria-nacional-el-billete-conmemorativo-por-los-75-anos-de-la-uat","status":"publish","type":"post","link":"https:\/\/elregionaldigital.info\/?p=3376","title":{"rendered":"Lanzar\u00e1 la Loter\u00eda Nacional el billete conmemorativo por los 75 a\u00f1os de la UAT"},"content":{"rendered":"\n<p>La Universidad Aut\u00f3noma de Tamaulipas (UAT) celebrar\u00e1 el 75 Aniversario de su fundaci\u00f3n<br>el pr\u00f3ximo a\u00f1o 2025, y en conmemoraci\u00f3n, la Loter\u00eda Nacional (LOTENAL) emitir\u00e1 un<br>billete para reconocer la trayectoria de la m\u00e1xima casa de estudios de la entidad.<br>El MVZ D\u00e1maso Anaya Alvarado, rector de la UAT, anunci\u00f3 este importante logro luego<br>de sostener un encuentro con el Mtro. Marco Antonio Mena Rodr\u00edguez, director general<br>de la LOTENAL, con lo cual este organismo nacional se suma a los actos conmemorativos<br>que se est\u00e1n organizando.<br>Durante la reuni\u00f3n en la que se consigui\u00f3 este acuerdo, se destac\u00f3 que, a lo largo de su<br>historia, la Loter\u00eda Nacional ha distinguido a instituciones de educaci\u00f3n superior del pa\u00eds<br>con la emisi\u00f3n de billetes conmemorativos, en reconocimiento a su calidad acad\u00e9mica y su<br>aportaci\u00f3n cient\u00edfica y tecnol\u00f3gica.<br>En ese contexto, se puso de relieve la funci\u00f3n social que ha tenido la UAT desde su<br>fundaci\u00f3n en 1950, y que, en la actualidad, bajo la administraci\u00f3n del rector D\u00e1maso<br>Anaya Alvarado, vive un proceso de transformaci\u00f3n educativa con una visi\u00f3n humanista.<br>Actualmente, la UAT cuenta con la mayor\u00eda de sus programas reconocidos por su<br>calidad a nivel nacional y trabaja para conseguir la certificaci\u00f3n internacional de sus<br>carreras, adem\u00e1s de fortalecer la vinculaci\u00f3n social, p\u00fablica y productiva que brinde a sus<br>estudiantes mayores oportunidades de desarrollo para enfrentar los retos globales.<br>Como as\u00ed lo define el rector D\u00e1maso Anaya en su Plan de Desarrollo Institucional, la<br>UAT es la instituci\u00f3n p\u00fablica de educaci\u00f3n superior en Tamaulipas con mayor cobertura,<br>que absorbe una gran parte de la demanda social de educaci\u00f3n media superior y superior<br>p\u00fablica de la regi\u00f3n.<br>Su oferta educativa, la b\u00fasqueda de la excelencia, su capacidad de generar<br>conocimiento b\u00e1sico y de frontera y su vinculaci\u00f3n la convierten en uno de los actores<\/p>\n\n\n\n<p>m\u00e1s relevantes del sistema educativo estatal y pieza clave para alcanzar los objetivos<br>estatales y nacionales.<\/p>\n","protected":false},"excerpt":{"rendered":"<p>La Universidad Aut\u00f3noma de Tamaulipas (UAT) celebrar\u00e1 el 75 Aniversario de su fundaci\u00f3nel pr\u00f3ximo a\u00f1o 2025, y en conmemoraci\u00f3n, la Loter\u00eda Nacional (LOTENAL) emitir\u00e1 unbillete para reconocer la trayectoria de la m\u00e1xima casa de estudios de la entidad.El MVZ D\u00e1maso Anaya Alvarado, rector de la UAT, anunci\u00f3 este importante logro luegode sostener un encuentro con [&hellip;]<\/p>\n","protected":false},"author":1,"featured_media":3377,"comment_status":"open","ping_status":"open","sticky":false,"template":"","format":"standard","meta":{"footnotes":""},"categories":[4],"tags":[],"class_list":["post-3376","post","type-post","status-publish","format-standard","has-post-thumbnail","hentry","category-universidades"],"blog_post_layout_featured_media_urls":{"thumbnail":["https:\/\/elregionaldigital.info\/wp-content\/uploads\/2024\/09\/2-150x150.jpeg",150,150,true],"full":["https:\/\/elregionaldigital.info\/wp-content\/uploads\/2024\/09\/2.jpeg",1142,1600,false]},"categories_names":{"4":{"name":"Universidades","link":"https:\/\/elregionaldigital.info\/?cat=4"}},"tags_names":[],"comments_number":"0","wpmagazine_modules_lite_featured_media_urls":{"thumbnail":["https:\/\/elregionaldigital.info\/wp-content\/uploads\/2024\/09\/2-150x150.jpeg",150,150,true],"cvmm-medium":["https:\/\/elregionaldigital.info\/wp-content\/uploads\/2024\/09\/2-300x300.jpeg",300,300,true],"cvmm-medium-plus":["https:\/\/elregionaldigital.info\/wp-content\/uploads\/2024\/09\/2-305x207.jpeg",305,207,true],"cvmm-portrait":["https:\/\/elregionaldigital.info\/wp-content\/uploads\/2024\/09\/2-400x600.jpeg",400,600,true],"cvmm-medium-square":["https:\/\/elregionaldigital.info\/wp-content\/uploads\/2024\/09\/2-600x600.jpeg",600,600,true],"cvmm-large":["https:\/\/elregionaldigital.info\/wp-content\/uploads\/2024\/09\/2-1024x1024.jpeg",1024,1024,true],"cvmm-small":["https:\/\/elregionaldigital.info\/wp-content\/uploads\/2024\/09\/2-130x95.jpeg",130,95,true],"full":["https:\/\/elregionaldigital.info\/wp-content\/uploads\/2024\/09\/2.jpeg",1142,1600,false]},"_links":{"self":[{"href":"https:\/\/elregionaldigital.info\/index.php?rest_route=\/wp\/v2\/posts\/3376","targetHints":{"allow":["GET"]}}],"collection":[{"href":"https:\/\/elregionaldigital.info\/index.php?rest_route=\/wp\/v2\/posts"}],"about":[{"href":"https:\/\/elregionaldigital.info\/index.php?rest_route=\/wp\/v2\/types\/post"}],"author":[{"embeddable":true,"href":"https:\/\/elregionaldigital.info\/index.php?rest_route=\/wp\/v2\/users\/1"}],"replies":[{"embeddable":true,"href":"https:\/\/elregionaldigital.info\/index.php?rest_route=%2Fwp%2Fv2%2Fcomments&post=3376"}],"version-history":[{"count":1,"href":"https:\/\/elregionaldigital.info\/index.php?rest_route=\/wp\/v2\/posts\/3376\/revisions"}],"predecessor-version":[{"id":3378,"href":"https:\/\/elregionaldigital.info\/index.php?rest_route=\/wp\/v2\/posts\/3376\/revisions\/3378"}],"wp:featuredmedia":[{"embeddable":true,"href":"https:\/\/elregionaldigital.info\/index.php?rest_route=\/wp\/v2\/media\/3377"}],"wp:attachment":[{"href":"https:\/\/elregionaldigital.info\/index.php?rest_route=%2Fwp%2Fv2%2Fmedia&parent=3376"}],"wp:term":[{"taxonomy":"category","embeddable":true,"href":"https:\/\/elregionaldigital.info\/index.php?rest_route=%2Fwp%2Fv2%2Fcategories&post=3376"},{"taxonomy":"post_tag","embeddable":true,"href":"https:\/\/elregionaldigital.info\/index.php?rest_route=%2Fwp%2Fv2%2Ftags&post=3376"}],"curies":[{"name":"wp","href":"https:\/\/api.w.org\/{rel}","templated":true}]}}