{"id":3370,"date":"2024-09-02T14:40:48","date_gmt":"2024-09-02T14:40:48","guid":{"rendered":"https:\/\/elregionaldigital.info\/?p=3370"},"modified":"2024-09-03T14:41:19","modified_gmt":"2024-09-03T14:41:19","slug":"kylian-mbappe-tres-partidos-sin-marcar-es-muchisimo-para-mi","status":"publish","type":"post","link":"https:\/\/elregionaldigital.info\/?p=3370","title":{"rendered":"Kylian Mbapp\u00e9: \u201cTres partidos sin marcar es much\u00edsimo para m\u00ed\u201d"},"content":{"rendered":"\n<p><a href=\"https:\/\/laverdad.com.mx\/wp-content\/uploads\/2024\/09\/mbappe-real-madrid-jugador-futbol.webp\"><\/a><\/p>\n\n\n\n<p>Kylian Mbapp\u00e9 vivi\u00f3 un momento especial en su carrera al marcar sus dos primeros goles con el Real Madrid en LaLiga, contribuyendo al triunfo de su equipo por 2-0 ante el Real Betis. Este logro no solo signific\u00f3 una victoria importante para los madridistas, sino tambi\u00e9n el fin de una racha de tres partidos sin anotar, algo que Mbapp\u00e9 describi\u00f3 como \u201cmuch\u00edsimo\u201d para \u00e9l.<\/p>\n\n\n\n<p>El delantero franc\u00e9s expres\u00f3 su alegr\u00eda y satisfacci\u00f3n tras el partido, destacando la importancia de marcar en un estadio tan emblem\u00e1tico como el Santiago Bernab\u00e9u. \u201cEs un gran momento. Esperaba marcar en este estadio m\u00edtico, el mejor del mundo, pero lo m\u00e1s importante es la victoria. Despu\u00e9s del partido en Las Palmas sab\u00edamos que ten\u00edamos que ganar. Ha sido un partido dif\u00edcil, como siempre ante los equipos aqu\u00ed, pero somos el Real Madrid y al fin ganamos\u201d, declar\u00f3 en Real Madrid TV.<\/p>\n\n\n\n<p>Mbapp\u00e9 tambi\u00e9n agradeci\u00f3 el apoyo que ha recibido durante su breve sequ\u00eda goleadora. \u201cDesde que llegu\u00e9 lo digo: soy muy feliz, la gente me da mucho cari\u00f1o tambi\u00e9n cuando no marcaba. Tres partidos para muchas personas es poco, pero para m\u00ed es much\u00edsimo y siempre las personas del club, los jugadores y los aficionados han estado conmigo. Mi objetivo era tener confianza y marcar goles para el club con este escudo\u201d, coment\u00f3 el delantero.<\/p>\n\n\n\n<p>Con la mala racha ya rota, Mbapp\u00e9 se muestra optimista y ansioso por iniciar una buena din\u00e1mica goleadora que impulse a\u00fan m\u00e1s al Real Madrid. \u201cDesde el primer d\u00eda en mi presentaci\u00f3n es un sue\u00f1o estar aqu\u00ed, espero marcar m\u00e1s y tener m\u00e1s ovaciones\u201d, concluy\u00f3, dejando claro su compromiso y ambici\u00f3n con el club blanco.<\/p>\n","protected":false},"excerpt":{"rendered":"<p>Kylian Mbapp\u00e9 vivi\u00f3 un momento especial en su carrera al marcar sus dos primeros goles con el Real Madrid en LaLiga, contribuyendo al triunfo de su equipo por 2-0 ante el Real Betis. Este logro no solo signific\u00f3 una victoria importante para los madridistas, sino tambi\u00e9n el fin de una racha de tres partidos sin [&hellip;]<\/p>\n","protected":false},"author":1,"featured_media":3371,"comment_status":"open","ping_status":"open","sticky":false,"template":"","format":"standard","meta":{"footnotes":""},"categories":[6],"tags":[],"class_list":["post-3370","post","type-post","status-publish","format-standard","has-post-thumbnail","hentry","category-deportes"],"blog_post_layout_featured_media_urls":{"thumbnail":["https:\/\/elregionaldigital.info\/wp-content\/uploads\/2024\/09\/mbappe-real-madrid-jugador-futbol-750x500-1-150x150.webp",150,150,true],"full":["https:\/\/elregionaldigital.info\/wp-content\/uploads\/2024\/09\/mbappe-real-madrid-jugador-futbol-750x500-1.webp",750,500,false]},"categories_names":{"6":{"name":"Deportes","link":"https:\/\/elregionaldigital.info\/?cat=6"}},"tags_names":[],"comments_number":"0","wpmagazine_modules_lite_featured_media_urls":{"thumbnail":["https:\/\/elregionaldigital.info\/wp-content\/uploads\/2024\/09\/mbappe-real-madrid-jugador-futbol-750x500-1-150x150.webp",150,150,true],"cvmm-medium":["https:\/\/elregionaldigital.info\/wp-content\/uploads\/2024\/09\/mbappe-real-madrid-jugador-futbol-750x500-1-300x300.webp",300,300,true],"cvmm-medium-plus":["https:\/\/elregionaldigital.info\/wp-content\/uploads\/2024\/09\/mbappe-real-madrid-jugador-futbol-750x500-1-305x207.webp",305,207,true],"cvmm-portrait":["https:\/\/elregionaldigital.info\/wp-content\/uploads\/2024\/09\/mbappe-real-madrid-jugador-futbol-750x500-1-400x500.webp",400,500,true],"cvmm-medium-square":["https:\/\/elregionaldigital.info\/wp-content\/uploads\/2024\/09\/mbappe-real-madrid-jugador-futbol-750x500-1-600x500.webp",600,500,true],"cvmm-large":["https:\/\/elregionaldigital.info\/wp-content\/uploads\/2024\/09\/mbappe-real-madrid-jugador-futbol-750x500-1.webp",750,500,false],"cvmm-small":["https:\/\/elregionaldigital.info\/wp-content\/uploads\/2024\/09\/mbappe-real-madrid-jugador-futbol-750x500-1-130x95.webp",130,95,true],"full":["https:\/\/elregionaldigital.info\/wp-content\/uploads\/2024\/09\/mbappe-real-madrid-jugador-futbol-750x500-1.webp",750,500,false]},"_links":{"self":[{"href":"https:\/\/elregionaldigital.info\/index.php?rest_route=\/wp\/v2\/posts\/3370","targetHints":{"allow":["GET"]}}],"collection":[{"href":"https:\/\/elregionaldigital.info\/index.php?rest_route=\/wp\/v2\/posts"}],"about":[{"href":"https:\/\/elregionaldigital.info\/index.php?rest_route=\/wp\/v2\/types\/post"}],"author":[{"embeddable":true,"href":"https:\/\/elregionaldigital.info\/index.php?rest_route=\/wp\/v2\/users\/1"}],"replies":[{"embeddable":true,"href":"https:\/\/elregionaldigital.info\/index.php?rest_route=%2Fwp%2Fv2%2Fcomments&post=3370"}],"version-history":[{"count":1,"href":"https:\/\/elregionaldigital.info\/index.php?rest_route=\/wp\/v2\/posts\/3370\/revisions"}],"predecessor-version":[{"id":3372,"href":"https:\/\/elregionaldigital.info\/index.php?rest_route=\/wp\/v2\/posts\/3370\/revisions\/3372"}],"wp:featuredmedia":[{"embeddable":true,"href":"https:\/\/elregionaldigital.info\/index.php?rest_route=\/wp\/v2\/media\/3371"}],"wp:attachment":[{"href":"https:\/\/elregionaldigital.info\/index.php?rest_route=%2Fwp%2Fv2%2Fmedia&parent=3370"}],"wp:term":[{"taxonomy":"category","embeddable":true,"href":"https:\/\/elregionaldigital.info\/index.php?rest_route=%2Fwp%2Fv2%2Fcategories&post=3370"},{"taxonomy":"post_tag","embeddable":true,"href":"https:\/\/elregionaldigital.info\/index.php?rest_route=%2Fwp%2Fv2%2Ftags&post=3370"}],"curies":[{"name":"wp","href":"https:\/\/api.w.org\/{rel}","templated":true}]}}