{"id":3364,"date":"2024-08-31T14:38:30","date_gmt":"2024-08-31T14:38:30","guid":{"rendered":"https:\/\/elregionaldigital.info\/?p=3364"},"modified":"2024-09-03T14:39:07","modified_gmt":"2024-09-03T14:39:07","slug":"lodo-ahoga-cerca-de-450-casas-en-tejupilco-hay-al-menos-1500-damnificados","status":"publish","type":"post","link":"https:\/\/elregionaldigital.info\/?p=3364","title":{"rendered":"Lodo ahoga cerca de 450 casas en Tejupilco; hay, al menos, 1,500 damnificados"},"content":{"rendered":"\n<p><\/p>\n\n\n\n<p>Cerca de 450 viviendas resultaron con afectaciones en Rinc\u00f3n de L\u00f3pez, en el municipio de Tejupilco ubicado al sur del Estado de M\u00e9xico, luego de que un r\u00edo de mismo lodo se desbordara y tambi\u00e9n arrastrara varios veh\u00edculos.<\/p>\n\n\n\n<p>De acuerdo con cifras del gobierno mexiquense, mil 500 personas resultaron afectadas, hay 450 viviendas con da\u00f1os, adem\u00e1s de 18 veh\u00edculos que fueron arrastrados por la corriente.<\/p>\n\n\n\n<p>Ante ello, 350 militares y brigadistas del gobierno del estado realizan labores de apoyo y limpieza.<\/p>\n\n\n\n<p>Hasta donde est\u00e1 la marca del agua fue hasta donde subi\u00f3, desde la casa de un t\u00edo s\u00f3lo observamos c\u00f3mo arrasaba con todo, no pudimos hacer nada, no pudimos sacar las cosas, todo se lo llevaba, \u00bfahora qu\u00e9 vamos a hacer?\u201d, dijo Cristal Manuel, vecina afectada.<\/p>\n\n\n\n<p>Damnificados aseguraron que jam\u00e1s se hab\u00eda presentado una situaci\u00f3n de esta manera, a la que calificaron de intempestiva, pues s\u00f3lo momentos antes el r\u00edo estaba normal.<\/p>\n\n\n\n<p>Esto es incre\u00edble, porque llegu\u00e9 15 minutos antes, pas\u00e9 el r\u00edo, no ten\u00eda agua, ten\u00eda muy poca\u2026 estaba comiendo cuando de pronto escucho un estruendo y o\u00ed a la gente, ven\u00eda una creciente grand\u00edsima de all\u00e1 arriba. Creo que se revent\u00f3 la presa, un bordo grande que tenemos ac\u00e1 arriba porque hasta mojarras salieron aqu\u00ed\u201d, coment\u00f3 Antol\u00edn Jaramillo Hern\u00e1ndez, damnificado.<\/p>\n\n\n\n<p>La gente comparti\u00f3 que probablemente fue la presa que se ubica en el paraje La Huerta, a unos 20 minutos de la zona, la que se desbord\u00f3, por lo que pidieron que pudieran cerrarla o tomar cartas en el asunto.<\/p>\n\n\n\n<p>Todos mis vecinos y yo est\u00e1bamos bien espantados, si no nos quitan esa presa que est\u00e1 all\u00e1 arriba, pues nos va a seguir espantando y a la mejor nos va a matar, es mucha agua de una presa la que est\u00e1 all\u00e1 arriba, yo no s\u00e9 por qu\u00e9 no la quitan, esa presa nos afecta mucho a todos los vecinos.<\/p>\n","protected":false},"excerpt":{"rendered":"<p>Cerca de 450 viviendas resultaron con afectaciones en Rinc\u00f3n de L\u00f3pez, en el municipio de Tejupilco ubicado al sur del Estado de M\u00e9xico, luego de que un r\u00edo de mismo lodo se desbordara y tambi\u00e9n arrastrara varios veh\u00edculos. De acuerdo con cifras del gobierno mexiquense, mil 500 personas resultaron afectadas, hay 450 viviendas con da\u00f1os, [&hellip;]<\/p>\n","protected":false},"author":1,"featured_media":3365,"comment_status":"open","ping_status":"open","sticky":false,"template":"","format":"standard","meta":{"footnotes":""},"categories":[5],"tags":[],"class_list":["post-3364","post","type-post","status-publish","format-standard","has-post-thumbnail","hentry","category-nacional"],"blog_post_layout_featured_media_urls":{"thumbnail":["https:\/\/elregionaldigital.info\/wp-content\/uploads\/2024\/09\/31lodo-750x563-1-150x150.webp",150,150,true],"full":["https:\/\/elregionaldigital.info\/wp-content\/uploads\/2024\/09\/31lodo-750x563-1.webp",750,563,false]},"categories_names":{"5":{"name":"Nacional","link":"https:\/\/elregionaldigital.info\/?cat=5"}},"tags_names":[],"comments_number":"0","wpmagazine_modules_lite_featured_media_urls":{"thumbnail":["https:\/\/elregionaldigital.info\/wp-content\/uploads\/2024\/09\/31lodo-750x563-1-150x150.webp",150,150,true],"cvmm-medium":["https:\/\/elregionaldigital.info\/wp-content\/uploads\/2024\/09\/31lodo-750x563-1-300x300.webp",300,300,true],"cvmm-medium-plus":["https:\/\/elregionaldigital.info\/wp-content\/uploads\/2024\/09\/31lodo-750x563-1-305x207.webp",305,207,true],"cvmm-portrait":["https:\/\/elregionaldigital.info\/wp-content\/uploads\/2024\/09\/31lodo-750x563-1-400x563.webp",400,563,true],"cvmm-medium-square":["https:\/\/elregionaldigital.info\/wp-content\/uploads\/2024\/09\/31lodo-750x563-1-600x563.webp",600,563,true],"cvmm-large":["https:\/\/elregionaldigital.info\/wp-content\/uploads\/2024\/09\/31lodo-750x563-1.webp",750,563,false],"cvmm-small":["https:\/\/elregionaldigital.info\/wp-content\/uploads\/2024\/09\/31lodo-750x563-1-130x95.webp",130,95,true],"full":["https:\/\/elregionaldigital.info\/wp-content\/uploads\/2024\/09\/31lodo-750x563-1.webp",750,563,false]},"_links":{"self":[{"href":"https:\/\/elregionaldigital.info\/index.php?rest_route=\/wp\/v2\/posts\/3364","targetHints":{"allow":["GET"]}}],"collection":[{"href":"https:\/\/elregionaldigital.info\/index.php?rest_route=\/wp\/v2\/posts"}],"about":[{"href":"https:\/\/elregionaldigital.info\/index.php?rest_route=\/wp\/v2\/types\/post"}],"author":[{"embeddable":true,"href":"https:\/\/elregionaldigital.info\/index.php?rest_route=\/wp\/v2\/users\/1"}],"replies":[{"embeddable":true,"href":"https:\/\/elregionaldigital.info\/index.php?rest_route=%2Fwp%2Fv2%2Fcomments&post=3364"}],"version-history":[{"count":1,"href":"https:\/\/elregionaldigital.info\/index.php?rest_route=\/wp\/v2\/posts\/3364\/revisions"}],"predecessor-version":[{"id":3366,"href":"https:\/\/elregionaldigital.info\/index.php?rest_route=\/wp\/v2\/posts\/3364\/revisions\/3366"}],"wp:featuredmedia":[{"embeddable":true,"href":"https:\/\/elregionaldigital.info\/index.php?rest_route=\/wp\/v2\/media\/3365"}],"wp:attachment":[{"href":"https:\/\/elregionaldigital.info\/index.php?rest_route=%2Fwp%2Fv2%2Fmedia&parent=3364"}],"wp:term":[{"taxonomy":"category","embeddable":true,"href":"https:\/\/elregionaldigital.info\/index.php?rest_route=%2Fwp%2Fv2%2Fcategories&post=3364"},{"taxonomy":"post_tag","embeddable":true,"href":"https:\/\/elregionaldigital.info\/index.php?rest_route=%2Fwp%2Fv2%2Ftags&post=3364"}],"curies":[{"name":"wp","href":"https:\/\/api.w.org\/{rel}","templated":true}]}}