{"id":3361,"date":"2024-08-30T14:37:11","date_gmt":"2024-08-30T14:37:11","guid":{"rendered":"https:\/\/elregionaldigital.info\/?p=3361"},"modified":"2024-09-03T14:37:53","modified_gmt":"2024-09-03T14:37:53","slug":"jl-feliz-y-despreocupada-despues-de-su-divorcio","status":"publish","type":"post","link":"https:\/\/elregionaldigital.info\/?p=3361","title":{"rendered":"JL feliz y despreocupada despu\u00e9s de su divorcio"},"content":{"rendered":"\n<p><a href=\"https:\/\/laverdad.com.mx\/wp-content\/uploads\/2024\/09\/Jennifer-Lopez-Atlas-Premiere-Carpet-GettyImages-2153913301-H-2024.webp\"><\/a><\/p>\n\n\n\n<p>Jennifer Lopez no deja que su reciente divorcio de Ben Affleck afecte su verano. La actriz y cantante, de 55 a\u00f1os, fue vista ayer disfrutando de una salida de compras en Los \u00c1ngeles junto a su hija Emme, de 16 a\u00f1os. La estrella de&nbsp;<em>Atlas<\/em>&nbsp;incluso convirti\u00f3 las escaleras el\u00e9ctricas en una improvisada pista de baile, con Emme grabando el divertido momento en su celular.<\/p>\n\n\n\n<p>Lopez, siempre a la moda, luci\u00f3 un top de tirantes de lentejuelas blanco y pantalones de mezclilla holgados, complementando su atuendo con un collar y varios anillos. A pesar de los desaf\u00edos personales, J.Lo se mostr\u00f3 de buen humor, demostrando que est\u00e1 decidida a seguir adelante y disfrutar cada momento.<\/p>\n\n\n\n<p>Esta salida ocurri\u00f3 apenas 10 d\u00edas despu\u00e9s de que la cantante solicitara el divorcio de Ben Affleck, citando \u201cdiferencias irreconciliables\u201d como la causa de la separaci\u00f3n. Seg\u00fan los documentos presentados, ninguna de las partes busca manutenci\u00f3n conyugal, lo que sugiere que ambos est\u00e1n listos para seguir sus caminos por separado.<\/p>\n\n\n\n<p>El d\u00eda anterior, Lopez fue vista en un evento en Beverly Hills, marcando su primera aparici\u00f3n p\u00fablica desde que present\u00f3 la solicitud de divorcio. Para la ocasi\u00f3n, eligi\u00f3 un look casual pero elegante, con un top blanco sin mangas, jeans anchos y gafas de sol rosas, acompa\u00f1ados de accesorios de lujo.<\/p>\n\n\n\n<p>A trav\u00e9s de sus redes sociales, J.Lo comparti\u00f3 un resumen de su verano, mostrando varias fotograf\u00edas que capturan su estilo de vida relajado y su enfoque en la familia. En las im\u00e1genes, se la ve disfrutando de un helado, posando en un traje de ba\u00f1o y compartiendo momentos con sus mascotas y sus seres queridos, incluidos su hijo Max y su hermana menor, Lynda.<\/p>\n\n\n\n<p>Mientras tanto, Ben Affleck fue visto en la casa que renta por 100 mil d\u00f3lares al mes, cerca de la residencia de su exesposa Jennifer Garner. Affleck, quien ha sido relacionado recientemente con Kick Kennedy, aunque solo como amigos, fue fotografiado recibiendo comida a domicilio.<\/p>\n\n\n\n<p>A pesar de la separaci\u00f3n, ambos parecen estar manejando la situaci\u00f3n de manera madura, enfocados en sus respectivas familias y proyectos personales. Jennifer Lopez, en particular, ha demostrado que est\u00e1 lista para seguir adelante, disfrutando de su vida y compartiendo momentos especiales con sus seguidores.<\/p>\n","protected":false},"excerpt":{"rendered":"<p>Jennifer Lopez no deja que su reciente divorcio de Ben Affleck afecte su verano. La actriz y cantante, de 55 a\u00f1os, fue vista ayer disfrutando de una salida de compras en Los \u00c1ngeles junto a su hija Emme, de 16 a\u00f1os. La estrella de&nbsp;Atlas&nbsp;incluso convirti\u00f3 las escaleras el\u00e9ctricas en una improvisada pista de baile, con [&hellip;]<\/p>\n","protected":false},"author":1,"featured_media":3362,"comment_status":"open","ping_status":"open","sticky":false,"template":"","format":"standard","meta":{"footnotes":""},"categories":[3],"tags":[],"class_list":["post-3361","post","type-post","status-publish","format-standard","has-post-thumbnail","hentry","category-entretenimiento"],"blog_post_layout_featured_media_urls":{"thumbnail":["https:\/\/elregionaldigital.info\/wp-content\/uploads\/2024\/09\/Jennifer-Lopez-Atlas-Premiere-Carpet-GettyImages-2153913301-H-2024-750x422-1-150x150.webp",150,150,true],"full":["https:\/\/elregionaldigital.info\/wp-content\/uploads\/2024\/09\/Jennifer-Lopez-Atlas-Premiere-Carpet-GettyImages-2153913301-H-2024-750x422-1.webp",750,422,false]},"categories_names":{"3":{"name":"Entretenimiento","link":"https:\/\/elregionaldigital.info\/?cat=3"}},"tags_names":[],"comments_number":"0","wpmagazine_modules_lite_featured_media_urls":{"thumbnail":["https:\/\/elregionaldigital.info\/wp-content\/uploads\/2024\/09\/Jennifer-Lopez-Atlas-Premiere-Carpet-GettyImages-2153913301-H-2024-750x422-1-150x150.webp",150,150,true],"cvmm-medium":["https:\/\/elregionaldigital.info\/wp-content\/uploads\/2024\/09\/Jennifer-Lopez-Atlas-Premiere-Carpet-GettyImages-2153913301-H-2024-750x422-1-300x300.webp",300,300,true],"cvmm-medium-plus":["https:\/\/elregionaldigital.info\/wp-content\/uploads\/2024\/09\/Jennifer-Lopez-Atlas-Premiere-Carpet-GettyImages-2153913301-H-2024-750x422-1-305x207.webp",305,207,true],"cvmm-portrait":["https:\/\/elregionaldigital.info\/wp-content\/uploads\/2024\/09\/Jennifer-Lopez-Atlas-Premiere-Carpet-GettyImages-2153913301-H-2024-750x422-1-400x422.webp",400,422,true],"cvmm-medium-square":["https:\/\/elregionaldigital.info\/wp-content\/uploads\/2024\/09\/Jennifer-Lopez-Atlas-Premiere-Carpet-GettyImages-2153913301-H-2024-750x422-1-600x422.webp",600,422,true],"cvmm-large":["https:\/\/elregionaldigital.info\/wp-content\/uploads\/2024\/09\/Jennifer-Lopez-Atlas-Premiere-Carpet-GettyImages-2153913301-H-2024-750x422-1.webp",750,422,false],"cvmm-small":["https:\/\/elregionaldigital.info\/wp-content\/uploads\/2024\/09\/Jennifer-Lopez-Atlas-Premiere-Carpet-GettyImages-2153913301-H-2024-750x422-1-130x95.webp",130,95,true],"full":["https:\/\/elregionaldigital.info\/wp-content\/uploads\/2024\/09\/Jennifer-Lopez-Atlas-Premiere-Carpet-GettyImages-2153913301-H-2024-750x422-1.webp",750,422,false]},"_links":{"self":[{"href":"https:\/\/elregionaldigital.info\/index.php?rest_route=\/wp\/v2\/posts\/3361","targetHints":{"allow":["GET"]}}],"collection":[{"href":"https:\/\/elregionaldigital.info\/index.php?rest_route=\/wp\/v2\/posts"}],"about":[{"href":"https:\/\/elregionaldigital.info\/index.php?rest_route=\/wp\/v2\/types\/post"}],"author":[{"embeddable":true,"href":"https:\/\/elregionaldigital.info\/index.php?rest_route=\/wp\/v2\/users\/1"}],"replies":[{"embeddable":true,"href":"https:\/\/elregionaldigital.info\/index.php?rest_route=%2Fwp%2Fv2%2Fcomments&post=3361"}],"version-history":[{"count":1,"href":"https:\/\/elregionaldigital.info\/index.php?rest_route=\/wp\/v2\/posts\/3361\/revisions"}],"predecessor-version":[{"id":3363,"href":"https:\/\/elregionaldigital.info\/index.php?rest_route=\/wp\/v2\/posts\/3361\/revisions\/3363"}],"wp:featuredmedia":[{"embeddable":true,"href":"https:\/\/elregionaldigital.info\/index.php?rest_route=\/wp\/v2\/media\/3362"}],"wp:attachment":[{"href":"https:\/\/elregionaldigital.info\/index.php?rest_route=%2Fwp%2Fv2%2Fmedia&parent=3361"}],"wp:term":[{"taxonomy":"category","embeddable":true,"href":"https:\/\/elregionaldigital.info\/index.php?rest_route=%2Fwp%2Fv2%2Fcategories&post=3361"},{"taxonomy":"post_tag","embeddable":true,"href":"https:\/\/elregionaldigital.info\/index.php?rest_route=%2Fwp%2Fv2%2Ftags&post=3361"}],"curies":[{"name":"wp","href":"https:\/\/api.w.org\/{rel}","templated":true}]}}