{"id":3358,"date":"2024-08-25T14:36:03","date_gmt":"2024-08-25T14:36:03","guid":{"rendered":"https:\/\/elregionaldigital.info\/?p=3358"},"modified":"2024-09-03T14:36:39","modified_gmt":"2024-09-03T14:36:39","slug":"serie-accidente-triunfa-en-netflix-a-nivel-mundial","status":"publish","type":"post","link":"https:\/\/elregionaldigital.info\/?p=3358","title":{"rendered":"Serie &#8220;Accidente&#8221; triunfa en Netflix a nivel mundial"},"content":{"rendered":"\n<p><a href=\"https:\/\/laverdad.com.mx\/wp-content\/uploads\/2024\/08\/accidente.jpg\"><\/a><\/p>\n\n\n\n<p>La serie mexicana&nbsp;<em>Accidente<\/em>&nbsp;ha logrado un \u00e9xito notable en Netflix desde su estreno el pasado 21 de agosto, alcanzando el Top Ten en 72 pa\u00edses. Este drama de 10 episodios, que combina elementos de suspenso con profundas exploraciones emocionales, ha capturado la atenci\u00f3n de espectadores en todo el mundo, incluyendo M\u00e9xico, Argentina, Brasil, Espa\u00f1a, Alemania, y Canad\u00e1.<\/p>\n\n\n\n<p>Protagonizada por un elenco mexicano destacado, entre ellos \u00c9rick Hayser, Er\u00e9ndira Ibarra, Alberto Guerra, Ana Claudia Talanc\u00f3n, Macarena Garc\u00eda y Regina Bland\u00f3n,&nbsp;<em>Accidente<\/em>&nbsp;ha acumulado 10.4 millones de visualizaciones en una semana en la categor\u00eda de televisi\u00f3n de habla no inglesa. La serie, dirigida por Gracia Querejeta y Klych L\u00f3pez, ha sido doblada en 13 idiomas y subtitulada en 30 lenguas, lo que ha contribuido a su alcance internacional.<\/p>\n\n\n\n<p>Filmada en Tequisquiapan, Quer\u00e9taro, la trama de&nbsp;<em>Accidente<\/em>&nbsp;sigue la vida de varias familias que se ven trastocadas por un incidente inesperado, desatando una serie de eventos marcados por la culpa, el resentimiento y la violencia. La serie aborda tambi\u00e9n temas universales como la comunicaci\u00f3n en las relaciones, el impacto de las drogas en los j\u00f3venes y la corrupci\u00f3n en M\u00e9xico.<\/p>\n\n\n\n<p>\u00c9rick Hayser, quien interpreta a uno de los personajes principales, expres\u00f3 su emoci\u00f3n por el \u00e9xito global de la serie, destacando la importancia de que una producci\u00f3n mexicana haya resonado tan fuertemente a nivel mundial. Para Hayser, este proyecto representa un \u201cgarbanzo de a libra\u201d, similar al \u00e9xito que tuvo con&nbsp;<em>Oscuro Deseo<\/em>&nbsp;en 2020.<\/p>\n\n\n\n<p><em>Accidente<\/em>&nbsp;no solo ha logrado atraer a una gran audiencia, sino que tambi\u00e9n ha abierto debates sobre dilemas \u00e9ticos y morales, lo que ha contribuido a su popularidad y a su impacto en la plataforma.<\/p>\n","protected":false},"excerpt":{"rendered":"<p>La serie mexicana&nbsp;Accidente&nbsp;ha logrado un \u00e9xito notable en Netflix desde su estreno el pasado 21 de agosto, alcanzando el Top Ten en 72 pa\u00edses. Este drama de 10 episodios, que combina elementos de suspenso con profundas exploraciones emocionales, ha capturado la atenci\u00f3n de espectadores en todo el mundo, incluyendo M\u00e9xico, Argentina, Brasil, Espa\u00f1a, Alemania, y [&hellip;]<\/p>\n","protected":false},"author":1,"featured_media":3359,"comment_status":"open","ping_status":"open","sticky":false,"template":"","format":"standard","meta":{"footnotes":""},"categories":[3],"tags":[],"class_list":["post-3358","post","type-post","status-publish","format-standard","has-post-thumbnail","hentry","category-entretenimiento"],"blog_post_layout_featured_media_urls":{"thumbnail":["https:\/\/elregionaldigital.info\/wp-content\/uploads\/2024\/09\/accidente-750x450-1-150x150.jpg",150,150,true],"full":["https:\/\/elregionaldigital.info\/wp-content\/uploads\/2024\/09\/accidente-750x450-1.jpg",750,450,false]},"categories_names":{"3":{"name":"Entretenimiento","link":"https:\/\/elregionaldigital.info\/?cat=3"}},"tags_names":[],"comments_number":"0","wpmagazine_modules_lite_featured_media_urls":{"thumbnail":["https:\/\/elregionaldigital.info\/wp-content\/uploads\/2024\/09\/accidente-750x450-1-150x150.jpg",150,150,true],"cvmm-medium":["https:\/\/elregionaldigital.info\/wp-content\/uploads\/2024\/09\/accidente-750x450-1-300x300.jpg",300,300,true],"cvmm-medium-plus":["https:\/\/elregionaldigital.info\/wp-content\/uploads\/2024\/09\/accidente-750x450-1-305x207.jpg",305,207,true],"cvmm-portrait":["https:\/\/elregionaldigital.info\/wp-content\/uploads\/2024\/09\/accidente-750x450-1-400x450.jpg",400,450,true],"cvmm-medium-square":["https:\/\/elregionaldigital.info\/wp-content\/uploads\/2024\/09\/accidente-750x450-1-600x450.jpg",600,450,true],"cvmm-large":["https:\/\/elregionaldigital.info\/wp-content\/uploads\/2024\/09\/accidente-750x450-1.jpg",750,450,false],"cvmm-small":["https:\/\/elregionaldigital.info\/wp-content\/uploads\/2024\/09\/accidente-750x450-1-130x95.jpg",130,95,true],"full":["https:\/\/elregionaldigital.info\/wp-content\/uploads\/2024\/09\/accidente-750x450-1.jpg",750,450,false]},"_links":{"self":[{"href":"https:\/\/elregionaldigital.info\/index.php?rest_route=\/wp\/v2\/posts\/3358","targetHints":{"allow":["GET"]}}],"collection":[{"href":"https:\/\/elregionaldigital.info\/index.php?rest_route=\/wp\/v2\/posts"}],"about":[{"href":"https:\/\/elregionaldigital.info\/index.php?rest_route=\/wp\/v2\/types\/post"}],"author":[{"embeddable":true,"href":"https:\/\/elregionaldigital.info\/index.php?rest_route=\/wp\/v2\/users\/1"}],"replies":[{"embeddable":true,"href":"https:\/\/elregionaldigital.info\/index.php?rest_route=%2Fwp%2Fv2%2Fcomments&post=3358"}],"version-history":[{"count":1,"href":"https:\/\/elregionaldigital.info\/index.php?rest_route=\/wp\/v2\/posts\/3358\/revisions"}],"predecessor-version":[{"id":3360,"href":"https:\/\/elregionaldigital.info\/index.php?rest_route=\/wp\/v2\/posts\/3358\/revisions\/3360"}],"wp:featuredmedia":[{"embeddable":true,"href":"https:\/\/elregionaldigital.info\/index.php?rest_route=\/wp\/v2\/media\/3359"}],"wp:attachment":[{"href":"https:\/\/elregionaldigital.info\/index.php?rest_route=%2Fwp%2Fv2%2Fmedia&parent=3358"}],"wp:term":[{"taxonomy":"category","embeddable":true,"href":"https:\/\/elregionaldigital.info\/index.php?rest_route=%2Fwp%2Fv2%2Fcategories&post=3358"},{"taxonomy":"post_tag","embeddable":true,"href":"https:\/\/elregionaldigital.info\/index.php?rest_route=%2Fwp%2Fv2%2Ftags&post=3358"}],"curies":[{"name":"wp","href":"https:\/\/api.w.org\/{rel}","templated":true}]}}