{"id":3349,"date":"2024-08-27T14:32:27","date_gmt":"2024-08-27T14:32:27","guid":{"rendered":"https:\/\/elregionaldigital.info\/?p=3349"},"modified":"2024-09-03T14:33:05","modified_gmt":"2024-09-03T14:33:05","slug":"lebron-establece-limites-con-bronny-en-los-lakers","status":"publish","type":"post","link":"https:\/\/elregionaldigital.info\/?p=3349","title":{"rendered":"LeBron establece l\u00edmites con Bronny en los Lakers"},"content":{"rendered":"\n<p><a href=\"https:\/\/laverdad.com.mx\/wp-content\/uploads\/2024\/08\/lebronclabEFE.webp\"><\/a><\/p>\n\n\n\n<p>LeBron James est\u00e1 a punto de cumplir uno de los sue\u00f1os m\u00e1s grandes de su vida: compartir cancha con su hijo Bronny James en la NBA. Este anhelo se har\u00e1 realidad en la pr\u00f3xima temporada, cuando Bronny forme parte de la plantilla de los Lakers. Sin embargo, m\u00e1s all\u00e1 de la emoci\u00f3n de ver a padre e hijo jugando juntos, LeBron ha dejado claro que habr\u00e1 reglas estrictas en la cancha.<\/p>\n\n\n\n<p>En un reciente episodio del podcast&nbsp;<em>The Shop<\/em>, LeBron explic\u00f3 que dentro del ambiente de trabajo, Bronny no podr\u00e1 llamarle \u201cpap\u00e1\u201d. En lugar de ello, deber\u00e1 referirse a \u00e9l como \u201c2-3\u201d, \u201cBron\u201d, o incluso \u201cGOAT\u201d si lo prefiere. \u201cUna vez terminemos el entrenamiento y salgamos por la puerta del pabell\u00f3n, puedo ser Pap\u00e1 de nuevo en el coche. Pero en la pista, tendr\u00e1 que llamarme de otra manera,\u201d afirm\u00f3 LeBron, mezclando seriedad con un toque de humor.<\/p>\n\n\n\n<p>El objetivo de LeBron es mantener un ambiente profesional tanto en el vestuario como en la cancha, asegurando que ambos puedan concentrarse en su rol dentro del equipo sin las complejidades que una relaci\u00f3n padre-hijo podr\u00eda traer al entorno laboral. LeBron tambi\u00e9n mencion\u00f3 que \u00e9l mismo no tiene problemas en este ajuste, ya que siempre ha llamado a su hijo \u201cBronny\u201d en lugar de \u201chijo\u201d.<\/p>\n\n\n\n<p>LeBron concluy\u00f3 subrayando la importancia de estas reglas: \u201cNo podemos estar corriendo por la pista y que \u00e9l est\u00e9 gritando: \u2018\u00a1Pap\u00e1, pon el bal\u00f3n arriba! \u00a1Pap\u00e1, estoy abierto! \u00a1Pap\u00e1, vamos!\u2019 No, no puedes hacer eso, no funcionar\u00eda.\u201d<\/p>\n\n\n\n<p>La pr\u00f3xima temporada de la NBA promete ser emocionante, no solo por la oportunidad de ver a dos generaciones de James jugando juntas, sino tambi\u00e9n por c\u00f3mo manejar\u00e1n esta din\u00e1mica \u00fanica en la historia del deporte.<\/p>\n","protected":false},"excerpt":{"rendered":"<p>LeBron James est\u00e1 a punto de cumplir uno de los sue\u00f1os m\u00e1s grandes de su vida: compartir cancha con su hijo Bronny James en la NBA. Este anhelo se har\u00e1 realidad en la pr\u00f3xima temporada, cuando Bronny forme parte de la plantilla de los Lakers. Sin embargo, m\u00e1s all\u00e1 de la emoci\u00f3n de ver a [&hellip;]<\/p>\n","protected":false},"author":1,"featured_media":3350,"comment_status":"open","ping_status":"open","sticky":false,"template":"","format":"standard","meta":{"footnotes":""},"categories":[6],"tags":[],"class_list":["post-3349","post","type-post","status-publish","format-standard","has-post-thumbnail","hentry","category-deportes"],"blog_post_layout_featured_media_urls":{"thumbnail":["https:\/\/elregionaldigital.info\/wp-content\/uploads\/2024\/09\/lebronclabEFE-750x494-1-150x150.webp",150,150,true],"full":["https:\/\/elregionaldigital.info\/wp-content\/uploads\/2024\/09\/lebronclabEFE-750x494-1.webp",750,494,false]},"categories_names":{"6":{"name":"Deportes","link":"https:\/\/elregionaldigital.info\/?cat=6"}},"tags_names":[],"comments_number":"0","wpmagazine_modules_lite_featured_media_urls":{"thumbnail":["https:\/\/elregionaldigital.info\/wp-content\/uploads\/2024\/09\/lebronclabEFE-750x494-1-150x150.webp",150,150,true],"cvmm-medium":["https:\/\/elregionaldigital.info\/wp-content\/uploads\/2024\/09\/lebronclabEFE-750x494-1-300x300.webp",300,300,true],"cvmm-medium-plus":["https:\/\/elregionaldigital.info\/wp-content\/uploads\/2024\/09\/lebronclabEFE-750x494-1-305x207.webp",305,207,true],"cvmm-portrait":["https:\/\/elregionaldigital.info\/wp-content\/uploads\/2024\/09\/lebronclabEFE-750x494-1-400x494.webp",400,494,true],"cvmm-medium-square":["https:\/\/elregionaldigital.info\/wp-content\/uploads\/2024\/09\/lebronclabEFE-750x494-1-600x494.webp",600,494,true],"cvmm-large":["https:\/\/elregionaldigital.info\/wp-content\/uploads\/2024\/09\/lebronclabEFE-750x494-1.webp",750,494,false],"cvmm-small":["https:\/\/elregionaldigital.info\/wp-content\/uploads\/2024\/09\/lebronclabEFE-750x494-1-130x95.webp",130,95,true],"full":["https:\/\/elregionaldigital.info\/wp-content\/uploads\/2024\/09\/lebronclabEFE-750x494-1.webp",750,494,false]},"_links":{"self":[{"href":"https:\/\/elregionaldigital.info\/index.php?rest_route=\/wp\/v2\/posts\/3349","targetHints":{"allow":["GET"]}}],"collection":[{"href":"https:\/\/elregionaldigital.info\/index.php?rest_route=\/wp\/v2\/posts"}],"about":[{"href":"https:\/\/elregionaldigital.info\/index.php?rest_route=\/wp\/v2\/types\/post"}],"author":[{"embeddable":true,"href":"https:\/\/elregionaldigital.info\/index.php?rest_route=\/wp\/v2\/users\/1"}],"replies":[{"embeddable":true,"href":"https:\/\/elregionaldigital.info\/index.php?rest_route=%2Fwp%2Fv2%2Fcomments&post=3349"}],"version-history":[{"count":1,"href":"https:\/\/elregionaldigital.info\/index.php?rest_route=\/wp\/v2\/posts\/3349\/revisions"}],"predecessor-version":[{"id":3351,"href":"https:\/\/elregionaldigital.info\/index.php?rest_route=\/wp\/v2\/posts\/3349\/revisions\/3351"}],"wp:featuredmedia":[{"embeddable":true,"href":"https:\/\/elregionaldigital.info\/index.php?rest_route=\/wp\/v2\/media\/3350"}],"wp:attachment":[{"href":"https:\/\/elregionaldigital.info\/index.php?rest_route=%2Fwp%2Fv2%2Fmedia&parent=3349"}],"wp:term":[{"taxonomy":"category","embeddable":true,"href":"https:\/\/elregionaldigital.info\/index.php?rest_route=%2Fwp%2Fv2%2Fcategories&post=3349"},{"taxonomy":"post_tag","embeddable":true,"href":"https:\/\/elregionaldigital.info\/index.php?rest_route=%2Fwp%2Fv2%2Ftags&post=3349"}],"curies":[{"name":"wp","href":"https:\/\/api.w.org\/{rel}","templated":true}]}}