{"id":3346,"date":"2024-08-23T14:31:34","date_gmt":"2024-08-23T14:31:34","guid":{"rendered":"https:\/\/elregionaldigital.info\/?p=3346"},"modified":"2024-09-03T14:32:03","modified_gmt":"2024-09-03T14:32:03","slug":"cristiano-ronaldo-mi-reto-es-llegar-a-los-mil-goles","status":"publish","type":"post","link":"https:\/\/elregionaldigital.info\/?p=3346","title":{"rendered":"Cristiano Ronaldo: \u201cMi reto es llegar a los mil goles\u201d"},"content":{"rendered":"\n<p><a href=\"https:\/\/laverdad.com.mx\/wp-content\/uploads\/2024\/08\/bichosensualEFE.webp\"><\/a><\/p>\n\n\n\n<p>A sus 39 a\u00f1os, Cristiano Ronaldo sigue desafiando los l\u00edmites y persiguiendo r\u00e9cords. En una reciente conversaci\u00f3n en su canal de YouTube con su antiguo compa\u00f1ero Rio Ferdinand, el astro portugu\u00e9s revel\u00f3 que su objetivo es alcanzar los mil goles antes de retirarse del f\u00fatbol profesional. Actualmente, Ronaldo est\u00e1 a solo un gol de llegar a los 900 tantos, una cifra hist\u00f3rica que espera alcanzar en su pr\u00f3ximo partido.<\/p>\n\n\n\n<p>\u201cPrimero quiero llegar a los 900 goles, y despu\u00e9s, mi reto es alcanzar los mil goles,\u201d afirm\u00f3 Ronaldo, dejando claro que sigue decidido a ampliar su ya legendaria carrera. Con su caracter\u00edstica confianza, el jugador del Al-Nassr tambi\u00e9n brome\u00f3 sobre su capacidad para demostrar todos sus goles, haciendo referencia a las controversias que han rodeado las cifras oficiales de leyendas como Pel\u00e9 y Alfredo Di Stefano.<\/p>\n\n\n\n<p>\u201cTodos mis goles tienen video, as\u00ed que puedo probar que los hice,\u201d a\u00f1adi\u00f3 Ronaldo, con un gui\u00f1o a los debates sobre la falta de pruebas para algunas de las anotaciones atribuidas a grandes jugadores del pasado.<\/p>\n\n\n\n<p>Con este nuevo desaf\u00edo, Cristiano Ronaldo confirma que a\u00fan tiene mucho que ofrecer al mundo del f\u00fatbol, y que su ambici\u00f3n por romper r\u00e9cords no tiene l\u00edmites, incluso en la etapa final de su carrera.<\/p>\n","protected":false},"excerpt":{"rendered":"<p>A sus 39 a\u00f1os, Cristiano Ronaldo sigue desafiando los l\u00edmites y persiguiendo r\u00e9cords. En una reciente conversaci\u00f3n en su canal de YouTube con su antiguo compa\u00f1ero Rio Ferdinand, el astro portugu\u00e9s revel\u00f3 que su objetivo es alcanzar los mil goles antes de retirarse del f\u00fatbol profesional. Actualmente, Ronaldo est\u00e1 a solo un gol de llegar [&hellip;]<\/p>\n","protected":false},"author":1,"featured_media":3347,"comment_status":"open","ping_status":"open","sticky":false,"template":"","format":"standard","meta":{"footnotes":""},"categories":[6],"tags":[],"class_list":["post-3346","post","type-post","status-publish","format-standard","has-post-thumbnail","hentry","category-deportes"],"blog_post_layout_featured_media_urls":{"thumbnail":["https:\/\/elregionaldigital.info\/wp-content\/uploads\/2024\/09\/bichosensualEFE-750x500-1-150x150.webp",150,150,true],"full":["https:\/\/elregionaldigital.info\/wp-content\/uploads\/2024\/09\/bichosensualEFE-750x500-1.webp",750,500,false]},"categories_names":{"6":{"name":"Deportes","link":"https:\/\/elregionaldigital.info\/?cat=6"}},"tags_names":[],"comments_number":"0","wpmagazine_modules_lite_featured_media_urls":{"thumbnail":["https:\/\/elregionaldigital.info\/wp-content\/uploads\/2024\/09\/bichosensualEFE-750x500-1-150x150.webp",150,150,true],"cvmm-medium":["https:\/\/elregionaldigital.info\/wp-content\/uploads\/2024\/09\/bichosensualEFE-750x500-1-300x300.webp",300,300,true],"cvmm-medium-plus":["https:\/\/elregionaldigital.info\/wp-content\/uploads\/2024\/09\/bichosensualEFE-750x500-1-305x207.webp",305,207,true],"cvmm-portrait":["https:\/\/elregionaldigital.info\/wp-content\/uploads\/2024\/09\/bichosensualEFE-750x500-1-400x500.webp",400,500,true],"cvmm-medium-square":["https:\/\/elregionaldigital.info\/wp-content\/uploads\/2024\/09\/bichosensualEFE-750x500-1-600x500.webp",600,500,true],"cvmm-large":["https:\/\/elregionaldigital.info\/wp-content\/uploads\/2024\/09\/bichosensualEFE-750x500-1.webp",750,500,false],"cvmm-small":["https:\/\/elregionaldigital.info\/wp-content\/uploads\/2024\/09\/bichosensualEFE-750x500-1-130x95.webp",130,95,true],"full":["https:\/\/elregionaldigital.info\/wp-content\/uploads\/2024\/09\/bichosensualEFE-750x500-1.webp",750,500,false]},"_links":{"self":[{"href":"https:\/\/elregionaldigital.info\/index.php?rest_route=\/wp\/v2\/posts\/3346","targetHints":{"allow":["GET"]}}],"collection":[{"href":"https:\/\/elregionaldigital.info\/index.php?rest_route=\/wp\/v2\/posts"}],"about":[{"href":"https:\/\/elregionaldigital.info\/index.php?rest_route=\/wp\/v2\/types\/post"}],"author":[{"embeddable":true,"href":"https:\/\/elregionaldigital.info\/index.php?rest_route=\/wp\/v2\/users\/1"}],"replies":[{"embeddable":true,"href":"https:\/\/elregionaldigital.info\/index.php?rest_route=%2Fwp%2Fv2%2Fcomments&post=3346"}],"version-history":[{"count":1,"href":"https:\/\/elregionaldigital.info\/index.php?rest_route=\/wp\/v2\/posts\/3346\/revisions"}],"predecessor-version":[{"id":3348,"href":"https:\/\/elregionaldigital.info\/index.php?rest_route=\/wp\/v2\/posts\/3346\/revisions\/3348"}],"wp:featuredmedia":[{"embeddable":true,"href":"https:\/\/elregionaldigital.info\/index.php?rest_route=\/wp\/v2\/media\/3347"}],"wp:attachment":[{"href":"https:\/\/elregionaldigital.info\/index.php?rest_route=%2Fwp%2Fv2%2Fmedia&parent=3346"}],"wp:term":[{"taxonomy":"category","embeddable":true,"href":"https:\/\/elregionaldigital.info\/index.php?rest_route=%2Fwp%2Fv2%2Fcategories&post=3346"},{"taxonomy":"post_tag","embeddable":true,"href":"https:\/\/elregionaldigital.info\/index.php?rest_route=%2Fwp%2Fv2%2Ftags&post=3346"}],"curies":[{"name":"wp","href":"https:\/\/api.w.org\/{rel}","templated":true}]}}