{"id":3337,"date":"2024-08-21T14:27:48","date_gmt":"2024-08-21T14:27:48","guid":{"rendered":"https:\/\/elregionaldigital.info\/?p=3337"},"modified":"2024-09-03T14:28:21","modified_gmt":"2024-09-03T14:28:21","slug":"renovacion-de-dirigencia-de-morena-sera-el-22-de-septiembre-mario-delgado","status":"publish","type":"post","link":"https:\/\/elregionaldigital.info\/?p=3337","title":{"rendered":"Renovaci\u00f3n de dirigencia de Morena ser\u00e1 el 22 de septiembre: Mario Delgado"},"content":{"rendered":"\n<p><a href=\"https:\/\/laverdad.com.mx\/wp-content\/uploads\/2024\/08\/20mario.webp\"><\/a><\/p>\n\n\n\n<p>El presidente nacional de Morena, Mario Delgado, anunci\u00f3 que el pr\u00f3ximo 22 de septiembre se realizar\u00e1 el Congreso Nacional para que se elija a la pr\u00f3xima dirigencia por un periodo de tres a\u00f1os.<\/p>\n\n\n\n<p>Al acompa\u00f1ar a la presidenta electa, Claudia Sheinbaum en su casa de transici\u00f3n, el l\u00edder de los morenistas inform\u00f3 que ser\u00e1 en la primera semana de septiembre, cuando el Consejo Nacional aprobar\u00e1 la convocatoria para que sus congresistas asistan el 22 de septiembre al Congreso.<\/p>\n\n\n\n<p>Mario Delgado, quien tambi\u00e9n es el virtual secretario de Educaci\u00f3n P\u00fablica (SEP) para la siguiente administraci\u00f3n federal, destac\u00f3 que a\u00fan no se ha determinado si habr\u00e1 un proceso interno previo al 22 de septiembre para los aspirantes a la dirigencia nacional o estos deber\u00e1n inscribirse el mismo d\u00eda del Congreso, pero aclar\u00f3 que en la convocatoria estar\u00e1n los detalles.<\/p>\n\n\n\n<p>Tenemos un borrador de convocatoria. Lo ideal, en t\u00e9rminos de tiempos, es que el Consejo Nacional, que es la instancia a la que le corresponde, convoque a un gran Congreso Nacional el pr\u00f3ximo 22 de septiembre, es decir, una semana antes de que inicie el siguiente gobierno, para que se elija a la nueva dirigencia que tendr\u00e1 una vigencia hasta de tres a\u00f1os, es decir, que termine en octubre del 2027, ya que pase el proceso electoral del 2027\u201d, declar\u00f3.<\/p>\n\n\n\n<p>Delgado Carrillo sostuvo que la intenci\u00f3n es que la nueva dirigencia morenista inicie sus funciones el 1 de octubre de este a\u00f1o y concluya en octubre de 2027.<\/p>\n\n\n\n<p>Indic\u00f3 que tambi\u00e9n se har\u00e1 caso a la recomendaci\u00f3n de su l\u00edder Claudia Sheinbaum, respecto a modificar los estatutos del partido.<\/p>\n\n\n\n<p>Y no obstante que la \u00faltima reforma de los estatutos y documentos b\u00e1sicos es de 2022, bueno, pues muchas cosas han ocurrido, y es conveniente que est\u00e9n reflejadas en esos documentos. Por lo tanto, vamos a convocar en ese Congreso Nacional a mesas de discusi\u00f3n, mesas de an\u00e1lisis con la militancia, sobre reformas posibles a los estatutos y a los documentos b\u00e1sicos\u201d, adelant\u00f3.<\/p>\n\n\n\n<p>El morenista explic\u00f3 que la gran mayor\u00eda de los integrantes del Comit\u00e9 Ejecutivo Nacional se va a renovar, \u201cporque muchos de los integrantes del Comit\u00e9 fueron diputados electos, a algunos nos est\u00e1n invitando al gobierno, como es el caso de su servidor y de Citlalli Hern\u00e1ndez\u201d.<\/p>\n\n\n\n<p>Entonces pr\u00e1cticamente se renuevan todas las carteras, lo cual es muy bueno para que la nueva dirigencia entre con todas las posibilidades de trabajo y organizaci\u00f3n\u201d, consider\u00f3.<\/p>\n","protected":false},"excerpt":{"rendered":"<p>El presidente nacional de Morena, Mario Delgado, anunci\u00f3 que el pr\u00f3ximo 22 de septiembre se realizar\u00e1 el Congreso Nacional para que se elija a la pr\u00f3xima dirigencia por un periodo de tres a\u00f1os. Al acompa\u00f1ar a la presidenta electa, Claudia Sheinbaum en su casa de transici\u00f3n, el l\u00edder de los morenistas inform\u00f3 que ser\u00e1 en [&hellip;]<\/p>\n","protected":false},"author":1,"featured_media":3338,"comment_status":"open","ping_status":"open","sticky":false,"template":"","format":"standard","meta":{"footnotes":""},"categories":[5],"tags":[],"class_list":["post-3337","post","type-post","status-publish","format-standard","has-post-thumbnail","hentry","category-nacional"],"blog_post_layout_featured_media_urls":{"thumbnail":["https:\/\/elregionaldigital.info\/wp-content\/uploads\/2024\/09\/20mario-750x563-1-150x150.webp",150,150,true],"full":["https:\/\/elregionaldigital.info\/wp-content\/uploads\/2024\/09\/20mario-750x563-1.webp",750,563,false]},"categories_names":{"5":{"name":"Nacional","link":"https:\/\/elregionaldigital.info\/?cat=5"}},"tags_names":[],"comments_number":"0","wpmagazine_modules_lite_featured_media_urls":{"thumbnail":["https:\/\/elregionaldigital.info\/wp-content\/uploads\/2024\/09\/20mario-750x563-1-150x150.webp",150,150,true],"cvmm-medium":["https:\/\/elregionaldigital.info\/wp-content\/uploads\/2024\/09\/20mario-750x563-1-300x300.webp",300,300,true],"cvmm-medium-plus":["https:\/\/elregionaldigital.info\/wp-content\/uploads\/2024\/09\/20mario-750x563-1-305x207.webp",305,207,true],"cvmm-portrait":["https:\/\/elregionaldigital.info\/wp-content\/uploads\/2024\/09\/20mario-750x563-1-400x563.webp",400,563,true],"cvmm-medium-square":["https:\/\/elregionaldigital.info\/wp-content\/uploads\/2024\/09\/20mario-750x563-1-600x563.webp",600,563,true],"cvmm-large":["https:\/\/elregionaldigital.info\/wp-content\/uploads\/2024\/09\/20mario-750x563-1.webp",750,563,false],"cvmm-small":["https:\/\/elregionaldigital.info\/wp-content\/uploads\/2024\/09\/20mario-750x563-1-130x95.webp",130,95,true],"full":["https:\/\/elregionaldigital.info\/wp-content\/uploads\/2024\/09\/20mario-750x563-1.webp",750,563,false]},"_links":{"self":[{"href":"https:\/\/elregionaldigital.info\/index.php?rest_route=\/wp\/v2\/posts\/3337","targetHints":{"allow":["GET"]}}],"collection":[{"href":"https:\/\/elregionaldigital.info\/index.php?rest_route=\/wp\/v2\/posts"}],"about":[{"href":"https:\/\/elregionaldigital.info\/index.php?rest_route=\/wp\/v2\/types\/post"}],"author":[{"embeddable":true,"href":"https:\/\/elregionaldigital.info\/index.php?rest_route=\/wp\/v2\/users\/1"}],"replies":[{"embeddable":true,"href":"https:\/\/elregionaldigital.info\/index.php?rest_route=%2Fwp%2Fv2%2Fcomments&post=3337"}],"version-history":[{"count":1,"href":"https:\/\/elregionaldigital.info\/index.php?rest_route=\/wp\/v2\/posts\/3337\/revisions"}],"predecessor-version":[{"id":3339,"href":"https:\/\/elregionaldigital.info\/index.php?rest_route=\/wp\/v2\/posts\/3337\/revisions\/3339"}],"wp:featuredmedia":[{"embeddable":true,"href":"https:\/\/elregionaldigital.info\/index.php?rest_route=\/wp\/v2\/media\/3338"}],"wp:attachment":[{"href":"https:\/\/elregionaldigital.info\/index.php?rest_route=%2Fwp%2Fv2%2Fmedia&parent=3337"}],"wp:term":[{"taxonomy":"category","embeddable":true,"href":"https:\/\/elregionaldigital.info\/index.php?rest_route=%2Fwp%2Fv2%2Fcategories&post=3337"},{"taxonomy":"post_tag","embeddable":true,"href":"https:\/\/elregionaldigital.info\/index.php?rest_route=%2Fwp%2Fv2%2Ftags&post=3337"}],"curies":[{"name":"wp","href":"https:\/\/api.w.org\/{rel}","templated":true}]}}