{"id":3331,"date":"2024-09-01T13:46:45","date_gmt":"2024-09-01T13:46:45","guid":{"rendered":"https:\/\/elregionaldigital.info\/?p=3331"},"modified":"2024-09-02T13:47:15","modified_gmt":"2024-09-02T13:47:15","slug":"entrega-la-uat-en-adopcion-a-heroes-caninos","status":"publish","type":"post","link":"https:\/\/elregionaldigital.info\/?p=3331","title":{"rendered":"Entrega la UAT en adopci\u00f3n a h\u00e9roes caninos"},"content":{"rendered":"\n<p>En emotiva ceremonia, el rector de la Universidad Aut\u00f3noma de Tamaulipas<br>(UAT), MVZ D\u00e1maso Anaya Alvarado, presidi\u00f3 la entrega en adopci\u00f3n de diez<br>perros retirados de corporaciones de seguridad y auxilio, a familias tamaulipecas<br>que les brindar\u00e1n los cuidados y la atenci\u00f3n que merecen.<br>E n una actividad que fortalece la vinculaci\u00f3n universitaria con la sociedad, los<br>adoptantes fueron seleccionados a trav\u00e9s de la convocatoria \u201cFamilia UAT Adopta<br>un H\u00e9roe Canino\u201d, que emiti\u00f3 la Facultad de Medicina Veterinaria y Zootecnia<br>(FMVZ-UAT).<br>En su mensaje, D\u00e1maso Anaya agradeci\u00f3 a las familias que han abierto sus<br>hogares para recibir a los h\u00e9roes caninos y subray\u00f3 que se trata de un acto de<br>amor y responsabilidad.<br>Dijo que la decisi\u00f3n que han tomado, no solo les cambiar\u00e1 la vida a estos<br>canes, sino que tambi\u00e9n enriquecer\u00e1n profundamente las vidas de los adoptantes.<br>Se\u00f1al\u00f3 que adoptar un h\u00e9roe canino, es m\u00e1s que ofrecer un lugar donde vivir,<br>es comprometerse a seguir brind\u00e1ndole la atenci\u00f3n, el respeto y el amor que<br>merecen en honor a su valent\u00eda y sacrifico.<br>En la UAT \u2013 a\u00f1adi\u00f3 el rector \u2013 existe el compromiso de seguir promoviendo<br>la cultura del bienestar y la dignidad animal.<br>Visiblemente emocionadas fueron pasando las familias a recibir la<br>documentaci\u00f3n y los certificados m\u00e9dicos que avalan su \u00f3ptima salud, as\u00ed como<br>procedencia y trayectoria de servicio de cada perro. Estos h\u00e9roes caninos<br>cumplieron un ciclo en su vida de servicio para la localizaci\u00f3n de personas y en<br>tareas de seguridad. Y ahora se retiran a descansar.<br>En su oportunidad, la presidenta del Consejo Municipal de Protecci\u00f3n Animal<br>y del Colectivo Animalista de Victoria, Santa Prisciliana Rodr\u00edguez Ib\u00e1\u00f1ez,<br>reconoci\u00f3 la gran labor que esta realizando la UAT bajo la administraci\u00f3n del MVZ<\/p>\n\n\n\n<p>D\u00e1maso Anaya Alvarado, se\u00f1alando que se trata de una visi\u00f3n de justicia, uni\u00f3n y<br>humanismo, en la promoci\u00f3n entre la comunidad universitaria de la cultura del<br>bienestar animal.<br>En el marco del evento realizado en el Gimnasio Multidisciplinario del Campus<br>Victoria, se llev\u00f3 a cabo una exhibici\u00f3n de 4 binomios caninos en diversas rutinas.<\/p>\n","protected":false},"excerpt":{"rendered":"<p>En emotiva ceremonia, el rector de la Universidad Aut\u00f3noma de Tamaulipas(UAT), MVZ D\u00e1maso Anaya Alvarado, presidi\u00f3 la entrega en adopci\u00f3n de diezperros retirados de corporaciones de seguridad y auxilio, a familias tamaulipecasque les brindar\u00e1n los cuidados y la atenci\u00f3n que merecen.E n una actividad que fortalece la vinculaci\u00f3n universitaria con la sociedad, losadoptantes fueron seleccionados [&hellip;]<\/p>\n","protected":false},"author":1,"featured_media":3332,"comment_status":"open","ping_status":"open","sticky":false,"template":"","format":"standard","meta":{"footnotes":""},"categories":[4],"tags":[],"class_list":["post-3331","post","type-post","status-publish","format-standard","has-post-thumbnail","hentry","category-universidades"],"blog_post_layout_featured_media_urls":{"thumbnail":["https:\/\/elregionaldigital.info\/wp-content\/uploads\/2024\/09\/foto-2-150x150.jpeg",150,150,true],"full":["https:\/\/elregionaldigital.info\/wp-content\/uploads\/2024\/09\/foto-2.jpeg",1600,1066,false]},"categories_names":{"4":{"name":"Universidades","link":"https:\/\/elregionaldigital.info\/?cat=4"}},"tags_names":[],"comments_number":"0","wpmagazine_modules_lite_featured_media_urls":{"thumbnail":["https:\/\/elregionaldigital.info\/wp-content\/uploads\/2024\/09\/foto-2-150x150.jpeg",150,150,true],"cvmm-medium":["https:\/\/elregionaldigital.info\/wp-content\/uploads\/2024\/09\/foto-2-300x300.jpeg",300,300,true],"cvmm-medium-plus":["https:\/\/elregionaldigital.info\/wp-content\/uploads\/2024\/09\/foto-2-305x207.jpeg",305,207,true],"cvmm-portrait":["https:\/\/elregionaldigital.info\/wp-content\/uploads\/2024\/09\/foto-2-400x600.jpeg",400,600,true],"cvmm-medium-square":["https:\/\/elregionaldigital.info\/wp-content\/uploads\/2024\/09\/foto-2-600x600.jpeg",600,600,true],"cvmm-large":["https:\/\/elregionaldigital.info\/wp-content\/uploads\/2024\/09\/foto-2-1024x1024.jpeg",1024,1024,true],"cvmm-small":["https:\/\/elregionaldigital.info\/wp-content\/uploads\/2024\/09\/foto-2-130x95.jpeg",130,95,true],"full":["https:\/\/elregionaldigital.info\/wp-content\/uploads\/2024\/09\/foto-2.jpeg",1600,1066,false]},"_links":{"self":[{"href":"https:\/\/elregionaldigital.info\/index.php?rest_route=\/wp\/v2\/posts\/3331","targetHints":{"allow":["GET"]}}],"collection":[{"href":"https:\/\/elregionaldigital.info\/index.php?rest_route=\/wp\/v2\/posts"}],"about":[{"href":"https:\/\/elregionaldigital.info\/index.php?rest_route=\/wp\/v2\/types\/post"}],"author":[{"embeddable":true,"href":"https:\/\/elregionaldigital.info\/index.php?rest_route=\/wp\/v2\/users\/1"}],"replies":[{"embeddable":true,"href":"https:\/\/elregionaldigital.info\/index.php?rest_route=%2Fwp%2Fv2%2Fcomments&post=3331"}],"version-history":[{"count":1,"href":"https:\/\/elregionaldigital.info\/index.php?rest_route=\/wp\/v2\/posts\/3331\/revisions"}],"predecessor-version":[{"id":3333,"href":"https:\/\/elregionaldigital.info\/index.php?rest_route=\/wp\/v2\/posts\/3331\/revisions\/3333"}],"wp:featuredmedia":[{"embeddable":true,"href":"https:\/\/elregionaldigital.info\/index.php?rest_route=\/wp\/v2\/media\/3332"}],"wp:attachment":[{"href":"https:\/\/elregionaldigital.info\/index.php?rest_route=%2Fwp%2Fv2%2Fmedia&parent=3331"}],"wp:term":[{"taxonomy":"category","embeddable":true,"href":"https:\/\/elregionaldigital.info\/index.php?rest_route=%2Fwp%2Fv2%2Fcategories&post=3331"},{"taxonomy":"post_tag","embeddable":true,"href":"https:\/\/elregionaldigital.info\/index.php?rest_route=%2Fwp%2Fv2%2Ftags&post=3331"}],"curies":[{"name":"wp","href":"https:\/\/api.w.org\/{rel}","templated":true}]}}