{"id":3328,"date":"2024-08-31T17:21:31","date_gmt":"2024-08-31T17:21:31","guid":{"rendered":"https:\/\/elregionaldigital.info\/?p=3328"},"modified":"2024-09-01T17:22:01","modified_gmt":"2024-09-01T17:22:01","slug":"concluye-la-uat-el-proceso-para-reacreditar-la-carrera-de-derecho-en-nuevo-laredo","status":"publish","type":"post","link":"https:\/\/elregionaldigital.info\/?p=3328","title":{"rendered":"Concluye la UAT el proceso para reacreditar la carrera de Derecho en Nuevo Laredo"},"content":{"rendered":"\n<p><\/p>\n\n\n\n<p>El rector de la Universidad Aut\u00f3noma de Tamaulipas (UAT), MVZ D\u00e1maso Anaya<br>Alvarado, presidi\u00f3 la reuni\u00f3n de cierre de la visita de evaluaci\u00f3n con fines de<br>reacreditaci\u00f3n de la Licenciatura en Derecho que oferta la Facultad de Comercio,<br>Administraci\u00f3n y Ciencias Sociales Nuevo Laredo.<br>La sesi\u00f3n de trabajo se desarroll\u00f3 desde el Centro de Gesti\u00f3n del<br>Conocimiento del Campus Victoria, y de manera virtual con representantes<br>acad\u00e9micos de los Comit\u00e9s Interinstitucionales para la Evaluaci\u00f3n de la Educaci\u00f3n<br>Superior (CIEES).<br>En su mensaje, D\u00e1maso Anaya agradeci\u00f3 al Comit\u00e9 de Evaluadores de los<br>CIEES por el trabajo en este proceso que busca reafirmar la calidad del programa<br>educativo de Derecho que se imparte en Nuevo Laredo.<br>Dijo que estos esfuerzos denotan el firme compromiso de la Universidad con<br>la calidad de la educaci\u00f3n que se brinda a la sociedad tamaulipeca, lo que ha<br>permitido avanzar en la ruta de la mejora continua de manera consolidada.<br>A\u00f1adi\u00f3 que, actualmente, el 96.2% de los programas educativos de la UAT<br>est\u00e1n acreditados por organismos externos, lo que permite atender al 98.2% de la<br>matr\u00edcula de estudiantes en programas de calidad.<br>Se\u00f1al\u00f3 que la Licenciatura en Derecho que se ofrece en Nuevo Laredo<br>concluye su tercer proceso de reacreditaci\u00f3n, lo que demuestra la madurez<br>acad\u00e9mica que se ha construido y la consolidaci\u00f3n de la calidad educativa de la<br>oferta acad\u00e9mica de la UAT.<br>En la sesi\u00f3n, el rector estuvo acompa\u00f1ado por la secretaria acad\u00e9mica, Dra.<br>Rosa Issel Acosta Gonz\u00e1lez. De manera remota participaron el Mtro. Ren\u00e9 Adri\u00e1n<br>Salinas Salinas, director de la Facultad de Comercio, Administraci\u00f3n y Ciencias<br>Sociales Nuevo Laredo; y por parte de los CIEES, el Dr. Jos\u00e9 Alberto Gayt\u00e1n<\/p>\n\n\n\n<p>Garc\u00eda, vocal ejecutivo del Comit\u00e9 de Ciencias Sociales y Administrativas; la Dra.<br>Mar\u00eda Estela Morales Tamez, coordinadora de la Comisi\u00f3n de Pares Acad\u00e9micos<br>Externos; as\u00ed como el Dr. Roberto Aude D\u00edaz y el Dr. Jos\u00e9 Enrique Rivera<br>Rodr\u00edguez, miembros de la Comisi\u00f3n de Pares Acad\u00e9micos Externos.<\/p>\n","protected":false},"excerpt":{"rendered":"<p>El rector de la Universidad Aut\u00f3noma de Tamaulipas (UAT), MVZ D\u00e1maso AnayaAlvarado, presidi\u00f3 la reuni\u00f3n de cierre de la visita de evaluaci\u00f3n con fines dereacreditaci\u00f3n de la Licenciatura en Derecho que oferta la Facultad de Comercio,Administraci\u00f3n y Ciencias Sociales Nuevo Laredo.La sesi\u00f3n de trabajo se desarroll\u00f3 desde el Centro de Gesti\u00f3n delConocimiento del Campus Victoria, [&hellip;]<\/p>\n","protected":false},"author":1,"featured_media":3329,"comment_status":"open","ping_status":"open","sticky":false,"template":"","format":"standard","meta":{"footnotes":""},"categories":[4],"tags":[],"class_list":["post-3328","post","type-post","status-publish","format-standard","has-post-thumbnail","hentry","category-universidades"],"blog_post_layout_featured_media_urls":{"thumbnail":["https:\/\/elregionaldigital.info\/wp-content\/uploads\/2024\/09\/2-2-150x150.jpeg",150,150,true],"full":["https:\/\/elregionaldigital.info\/wp-content\/uploads\/2024\/09\/2-2.jpeg",1600,1066,false]},"categories_names":{"4":{"name":"Universidades","link":"https:\/\/elregionaldigital.info\/?cat=4"}},"tags_names":[],"comments_number":"0","wpmagazine_modules_lite_featured_media_urls":{"thumbnail":["https:\/\/elregionaldigital.info\/wp-content\/uploads\/2024\/09\/2-2-150x150.jpeg",150,150,true],"cvmm-medium":["https:\/\/elregionaldigital.info\/wp-content\/uploads\/2024\/09\/2-2-300x300.jpeg",300,300,true],"cvmm-medium-plus":["https:\/\/elregionaldigital.info\/wp-content\/uploads\/2024\/09\/2-2-305x207.jpeg",305,207,true],"cvmm-portrait":["https:\/\/elregionaldigital.info\/wp-content\/uploads\/2024\/09\/2-2-400x600.jpeg",400,600,true],"cvmm-medium-square":["https:\/\/elregionaldigital.info\/wp-content\/uploads\/2024\/09\/2-2-600x600.jpeg",600,600,true],"cvmm-large":["https:\/\/elregionaldigital.info\/wp-content\/uploads\/2024\/09\/2-2-1024x1024.jpeg",1024,1024,true],"cvmm-small":["https:\/\/elregionaldigital.info\/wp-content\/uploads\/2024\/09\/2-2-130x95.jpeg",130,95,true],"full":["https:\/\/elregionaldigital.info\/wp-content\/uploads\/2024\/09\/2-2.jpeg",1600,1066,false]},"_links":{"self":[{"href":"https:\/\/elregionaldigital.info\/index.php?rest_route=\/wp\/v2\/posts\/3328","targetHints":{"allow":["GET"]}}],"collection":[{"href":"https:\/\/elregionaldigital.info\/index.php?rest_route=\/wp\/v2\/posts"}],"about":[{"href":"https:\/\/elregionaldigital.info\/index.php?rest_route=\/wp\/v2\/types\/post"}],"author":[{"embeddable":true,"href":"https:\/\/elregionaldigital.info\/index.php?rest_route=\/wp\/v2\/users\/1"}],"replies":[{"embeddable":true,"href":"https:\/\/elregionaldigital.info\/index.php?rest_route=%2Fwp%2Fv2%2Fcomments&post=3328"}],"version-history":[{"count":1,"href":"https:\/\/elregionaldigital.info\/index.php?rest_route=\/wp\/v2\/posts\/3328\/revisions"}],"predecessor-version":[{"id":3330,"href":"https:\/\/elregionaldigital.info\/index.php?rest_route=\/wp\/v2\/posts\/3328\/revisions\/3330"}],"wp:featuredmedia":[{"embeddable":true,"href":"https:\/\/elregionaldigital.info\/index.php?rest_route=\/wp\/v2\/media\/3329"}],"wp:attachment":[{"href":"https:\/\/elregionaldigital.info\/index.php?rest_route=%2Fwp%2Fv2%2Fmedia&parent=3328"}],"wp:term":[{"taxonomy":"category","embeddable":true,"href":"https:\/\/elregionaldigital.info\/index.php?rest_route=%2Fwp%2Fv2%2Fcategories&post=3328"},{"taxonomy":"post_tag","embeddable":true,"href":"https:\/\/elregionaldigital.info\/index.php?rest_route=%2Fwp%2Fv2%2Ftags&post=3328"}],"curies":[{"name":"wp","href":"https:\/\/api.w.org\/{rel}","templated":true}]}}