{"id":3325,"date":"2024-08-30T16:39:26","date_gmt":"2024-08-30T16:39:26","guid":{"rendered":"https:\/\/elregionaldigital.info\/?p=3325"},"modified":"2024-09-01T16:39:58","modified_gmt":"2024-09-01T16:39:58","slug":"con-honestidad-y-transparencia-la-uat-fortalece-su-crecimiento-rector","status":"publish","type":"post","link":"https:\/\/elregionaldigital.info\/?p=3325","title":{"rendered":"Con honestidad y transparencia, la UAT fortalece su crecimiento: Rector"},"content":{"rendered":"\n<p>El rector de la Universidad Aut\u00f3noma de Tamaulipas (UAT), MVZ D\u00e1maso Anaya<br>Alvarado, reafirm\u00f3 el compromiso de impulsar una gesti\u00f3n honesta y transparente<br>para seguir creciendo con responsabilidad y eficiencia en todos los rubros<br>sustantivos de la casa de estudios.<br>Al presidir la reuni\u00f3n de la Asamblea Universitaria, el rector D\u00e1maso Anaya<br>subray\u00f3 que su gesti\u00f3n ha basado el trabajo en una administraci\u00f3n que privilegia<br>el buen uso de los recursos p\u00fablicos provenientes de los Gobiernos federal y<br>estatal.<br>En ese contexto, inform\u00f3 del reciente curso que imparti\u00f3 el \u00d3rgano Interno de<br>Control a m\u00e1s de 120 participantes, entre directivos de las dependencias<br>acad\u00e9micas y personal de la administraci\u00f3n central.<br>Puntualiz\u00f3 que se mantiene un firme compromiso con el desarrollo de la<br>entidad, tras subrayar la importancia de aprobar en esta asamblea la creaci\u00f3n de<br>la Maestr\u00eda en Derecho con \u00c9nfasis en Derecho Municipal y Derecho<br>Parlamentario, que se ofrecer\u00e1 a legisladores y presidentes municipales de<br>Tamaulipas.<br>De igual manera, inform\u00f3 del reciente acuerdo celebrado con el Ayuntamiento<br>de Nuevo Laredo para operar la Preparatoria Municipal, que le permitir\u00e1 a la casa<br>de estudios llevar educaci\u00f3n media superior de calidad a la juventud en esa ciudad<br>fronteriza.<br>La sesi\u00f3n fue presidida por el rector D\u00e1maso Anaya desde el auditorio del<br>Centro de Excelencia del Campus Victoria, y se transmiti\u00f3 de manera virtual a las<br>diferentes sedes de los 26 planteles asamble\u00edstas en todo el estado.<br>Particip\u00f3 la titular del \u00d3rgano Interno de Control, C. P. Mar\u00eda del Rosario<br>Flores Salom\u00f3n, quien expuso los resultados del curso de capacitaci\u00f3n en el rubro<\/p>\n\n\n\n<p>presupuestal.<br>De manera remota particip\u00f3 el C. P. Juan Manuel Silva Sald\u00edvar, auditor<br>especial de la Auditor\u00eda Superior del Estado de Tamaulipas, quien destac\u00f3 el<br>compromiso del rector de la UAT con la transparencia, la rendici\u00f3n de cuentas y el<br>manejo eficiente de las finanzas.<br>En otros temas, se aprob\u00f3 el Plan de Trabajo en materia de cultura de paz y el<br>protocolo para prevenir, atender, sancionar y erradicar todos los tipos de violencia;<br>la Maestr\u00eda en Comportamiento Saludable y Educaci\u00f3n para la Salud de la<br>Facultad de Enfermer\u00eda Tampico y la Maestr\u00eda en Derecho con \u00e9nfasis en Derecho<br>Municipal y Derecho Parlamentario en la Facultad de Derecho Victoria.<\/p>\n","protected":false},"excerpt":{"rendered":"<p>El rector de la Universidad Aut\u00f3noma de Tamaulipas (UAT), MVZ D\u00e1maso AnayaAlvarado, reafirm\u00f3 el compromiso de impulsar una gesti\u00f3n honesta y transparentepara seguir creciendo con responsabilidad y eficiencia en todos los rubrossustantivos de la casa de estudios.Al presidir la reuni\u00f3n de la Asamblea Universitaria, el rector D\u00e1maso Anayasubray\u00f3 que su gesti\u00f3n ha basado el trabajo [&hellip;]<\/p>\n","protected":false},"author":1,"featured_media":3326,"comment_status":"open","ping_status":"open","sticky":false,"template":"","format":"standard","meta":{"footnotes":""},"categories":[4],"tags":[],"class_list":["post-3325","post","type-post","status-publish","format-standard","has-post-thumbnail","hentry","category-universidades"],"blog_post_layout_featured_media_urls":{"thumbnail":["https:\/\/elregionaldigital.info\/wp-content\/uploads\/2024\/09\/3-2-150x150.jpg",150,150,true],"full":["https:\/\/elregionaldigital.info\/wp-content\/uploads\/2024\/09\/3-2-scaled.jpg",2560,1707,false]},"categories_names":{"4":{"name":"Universidades","link":"https:\/\/elregionaldigital.info\/?cat=4"}},"tags_names":[],"comments_number":"0","wpmagazine_modules_lite_featured_media_urls":{"thumbnail":["https:\/\/elregionaldigital.info\/wp-content\/uploads\/2024\/09\/3-2-150x150.jpg",150,150,true],"cvmm-medium":["https:\/\/elregionaldigital.info\/wp-content\/uploads\/2024\/09\/3-2-300x300.jpg",300,300,true],"cvmm-medium-plus":["https:\/\/elregionaldigital.info\/wp-content\/uploads\/2024\/09\/3-2-305x207.jpg",305,207,true],"cvmm-portrait":["https:\/\/elregionaldigital.info\/wp-content\/uploads\/2024\/09\/3-2-400x600.jpg",400,600,true],"cvmm-medium-square":["https:\/\/elregionaldigital.info\/wp-content\/uploads\/2024\/09\/3-2-600x600.jpg",600,600,true],"cvmm-large":["https:\/\/elregionaldigital.info\/wp-content\/uploads\/2024\/09\/3-2-1024x1024.jpg",1024,1024,true],"cvmm-small":["https:\/\/elregionaldigital.info\/wp-content\/uploads\/2024\/09\/3-2-130x95.jpg",130,95,true],"full":["https:\/\/elregionaldigital.info\/wp-content\/uploads\/2024\/09\/3-2-scaled.jpg",2560,1707,false]},"_links":{"self":[{"href":"https:\/\/elregionaldigital.info\/index.php?rest_route=\/wp\/v2\/posts\/3325","targetHints":{"allow":["GET"]}}],"collection":[{"href":"https:\/\/elregionaldigital.info\/index.php?rest_route=\/wp\/v2\/posts"}],"about":[{"href":"https:\/\/elregionaldigital.info\/index.php?rest_route=\/wp\/v2\/types\/post"}],"author":[{"embeddable":true,"href":"https:\/\/elregionaldigital.info\/index.php?rest_route=\/wp\/v2\/users\/1"}],"replies":[{"embeddable":true,"href":"https:\/\/elregionaldigital.info\/index.php?rest_route=%2Fwp%2Fv2%2Fcomments&post=3325"}],"version-history":[{"count":1,"href":"https:\/\/elregionaldigital.info\/index.php?rest_route=\/wp\/v2\/posts\/3325\/revisions"}],"predecessor-version":[{"id":3327,"href":"https:\/\/elregionaldigital.info\/index.php?rest_route=\/wp\/v2\/posts\/3325\/revisions\/3327"}],"wp:featuredmedia":[{"embeddable":true,"href":"https:\/\/elregionaldigital.info\/index.php?rest_route=\/wp\/v2\/media\/3326"}],"wp:attachment":[{"href":"https:\/\/elregionaldigital.info\/index.php?rest_route=%2Fwp%2Fv2%2Fmedia&parent=3325"}],"wp:term":[{"taxonomy":"category","embeddable":true,"href":"https:\/\/elregionaldigital.info\/index.php?rest_route=%2Fwp%2Fv2%2Fcategories&post=3325"},{"taxonomy":"post_tag","embeddable":true,"href":"https:\/\/elregionaldigital.info\/index.php?rest_route=%2Fwp%2Fv2%2Ftags&post=3325"}],"curies":[{"name":"wp","href":"https:\/\/api.w.org\/{rel}","templated":true}]}}