{"id":3276,"date":"2024-08-18T18:25:04","date_gmt":"2024-08-18T18:25:04","guid":{"rendered":"https:\/\/elregionaldigital.info\/?p=3276"},"modified":"2024-08-17T18:26:24","modified_gmt":"2024-08-17T18:26:24","slug":"tlaxcala-registro-su-primer-caso-de-viruela-del-mono","status":"publish","type":"post","link":"https:\/\/elregionaldigital.info\/?p=3276","title":{"rendered":"Tlaxcala\u00a0registr\u00f3\u00a0su Primer caso de\u00a0viruela del mono"},"content":{"rendered":"\n<p>Tlaxcala&nbsp;registr\u00f3&nbsp;un caso de&nbsp;viruela del mono o viruela s\u00edmica&nbsp;y aunque se registr\u00f3 en marzo de este a\u00f1o la Secretar\u00eda de Salud del estado apenas lo dio a conocer y&nbsp;emiti\u00f3 algunas recomendaciones a la poblaci\u00f3n para evitar contagios.<\/p>\n\n\n\n<p>El reporte del caso de viruela del mono en Tlaxcala se da luego de que el gobierno federal emitiera un informe donde incluye al estado como una de las entidades donde se han registrados casos con esta enfermedad.<\/p>\n\n\n\n<p>En un comunicado el sector salud&nbsp;&nbsp;inform\u00f3 que,&nbsp;de acuerdo con el panorama epidemiologico de viruela s\u00edmica, s\u00f3lo&nbsp;se ha registrado un caso en el mes de marzo y corresponde a una&nbsp;persona masculina de edad media. En este sentido, precis\u00f3 que&nbsp;despu\u00e9s del aviso epidemiol\u00f3gico que emiti\u00f3 la Direcci\u00f3n General de Epidemiologia del gobierno de M\u00e9xico el pasado 14 de agosto&nbsp;no se han presentado casos en la entidad.<\/p>\n\n\n\n<p>Sin embargo, la Secretar\u00eda de Salud, el IMSS-Bienestar, as\u00ed como el Instituto Mexicano del Seguro Social (IMSS) recomendaron&nbsp;a la poblaci\u00f3n mantener las medidas de prevenci\u00f3n y reforzarlas con la finalidad inhibir alguna posibilidad de contagio.<\/p>\n","protected":false},"excerpt":{"rendered":"<p>Tlaxcala&nbsp;registr\u00f3&nbsp;un caso de&nbsp;viruela del mono o viruela s\u00edmica&nbsp;y aunque se registr\u00f3 en marzo de este a\u00f1o la Secretar\u00eda de Salud del estado apenas lo dio a conocer y&nbsp;emiti\u00f3 algunas recomendaciones a la poblaci\u00f3n para evitar contagios. El reporte del caso de viruela del mono en Tlaxcala se da luego de que el gobierno federal emitiera [&hellip;]<\/p>\n","protected":false},"author":1,"featured_media":3277,"comment_status":"open","ping_status":"open","sticky":false,"template":"","format":"standard","meta":{"footnotes":""},"categories":[5],"tags":[],"class_list":["post-3276","post","type-post","status-publish","format-standard","has-post-thumbnail","hentry","category-nacional"],"blog_post_layout_featured_media_urls":{"thumbnail":["https:\/\/elregionaldigital.info\/wp-content\/uploads\/2024\/08\/Captura-de-pantalla-2024-08-17-122557-150x150.jpg",150,150,true],"full":["https:\/\/elregionaldigital.info\/wp-content\/uploads\/2024\/08\/Captura-de-pantalla-2024-08-17-122557.jpg",717,546,false]},"categories_names":{"5":{"name":"Nacional","link":"https:\/\/elregionaldigital.info\/?cat=5"}},"tags_names":[],"comments_number":"0","wpmagazine_modules_lite_featured_media_urls":{"thumbnail":["https:\/\/elregionaldigital.info\/wp-content\/uploads\/2024\/08\/Captura-de-pantalla-2024-08-17-122557-150x150.jpg",150,150,true],"cvmm-medium":["https:\/\/elregionaldigital.info\/wp-content\/uploads\/2024\/08\/Captura-de-pantalla-2024-08-17-122557-300x300.jpg",300,300,true],"cvmm-medium-plus":["https:\/\/elregionaldigital.info\/wp-content\/uploads\/2024\/08\/Captura-de-pantalla-2024-08-17-122557-305x207.jpg",305,207,true],"cvmm-portrait":["https:\/\/elregionaldigital.info\/wp-content\/uploads\/2024\/08\/Captura-de-pantalla-2024-08-17-122557-400x546.jpg",400,546,true],"cvmm-medium-square":["https:\/\/elregionaldigital.info\/wp-content\/uploads\/2024\/08\/Captura-de-pantalla-2024-08-17-122557-600x546.jpg",600,546,true],"cvmm-large":["https:\/\/elregionaldigital.info\/wp-content\/uploads\/2024\/08\/Captura-de-pantalla-2024-08-17-122557.jpg",717,546,false],"cvmm-small":["https:\/\/elregionaldigital.info\/wp-content\/uploads\/2024\/08\/Captura-de-pantalla-2024-08-17-122557-130x95.jpg",130,95,true],"full":["https:\/\/elregionaldigital.info\/wp-content\/uploads\/2024\/08\/Captura-de-pantalla-2024-08-17-122557.jpg",717,546,false]},"_links":{"self":[{"href":"https:\/\/elregionaldigital.info\/index.php?rest_route=\/wp\/v2\/posts\/3276","targetHints":{"allow":["GET"]}}],"collection":[{"href":"https:\/\/elregionaldigital.info\/index.php?rest_route=\/wp\/v2\/posts"}],"about":[{"href":"https:\/\/elregionaldigital.info\/index.php?rest_route=\/wp\/v2\/types\/post"}],"author":[{"embeddable":true,"href":"https:\/\/elregionaldigital.info\/index.php?rest_route=\/wp\/v2\/users\/1"}],"replies":[{"embeddable":true,"href":"https:\/\/elregionaldigital.info\/index.php?rest_route=%2Fwp%2Fv2%2Fcomments&post=3276"}],"version-history":[{"count":1,"href":"https:\/\/elregionaldigital.info\/index.php?rest_route=\/wp\/v2\/posts\/3276\/revisions"}],"predecessor-version":[{"id":3278,"href":"https:\/\/elregionaldigital.info\/index.php?rest_route=\/wp\/v2\/posts\/3276\/revisions\/3278"}],"wp:featuredmedia":[{"embeddable":true,"href":"https:\/\/elregionaldigital.info\/index.php?rest_route=\/wp\/v2\/media\/3277"}],"wp:attachment":[{"href":"https:\/\/elregionaldigital.info\/index.php?rest_route=%2Fwp%2Fv2%2Fmedia&parent=3276"}],"wp:term":[{"taxonomy":"category","embeddable":true,"href":"https:\/\/elregionaldigital.info\/index.php?rest_route=%2Fwp%2Fv2%2Fcategories&post=3276"},{"taxonomy":"post_tag","embeddable":true,"href":"https:\/\/elregionaldigital.info\/index.php?rest_route=%2Fwp%2Fv2%2Ftags&post=3276"}],"curies":[{"name":"wp","href":"https:\/\/api.w.org\/{rel}","templated":true}]}}