{"id":3270,"date":"2024-08-16T18:07:59","date_gmt":"2024-08-16T18:07:59","guid":{"rendered":"https:\/\/elregionaldigital.info\/?p=3270"},"modified":"2024-08-17T18:08:34","modified_gmt":"2024-08-17T18:08:34","slug":"concluye-la-uat-con-exito-campamento-infantil-amor-por-la-ciencia-2024","status":"publish","type":"post","link":"https:\/\/elregionaldigital.info\/?p=3270","title":{"rendered":"Concluye la UAT con \u00e9xito campamento infantil \u201cAmor por la Ciencia\u201d 2024"},"content":{"rendered":"\n<p><\/p>\n\n\n\n<p>16 de Agosto de 2024<\/p>\n\n\n\n<p>La Universidad Aut\u00f3noma de Tamaulipas (UAT) cerr\u00f3 exitosamente la tercera<br>edici\u00f3n del Campamento de Verano Infantil \u201cAmor por la Ciencia\u201d 2024, un evento<br>que reuni\u00f3 en Ciudad Victoria la participaci\u00f3n de alrededor de 300 ni\u00f1os y ni\u00f1as<br>en una semana dedicada a la ciencia y el aprendizaje l\u00fadico.<br>Del 12 al 16 de agosto, las actividades del campamento permitieron a los<br>peque\u00f1os explorar el apasionante mundo de la ciencia a trav\u00e9s de talleres con un<br>enfoque l\u00fadico y educativo, los cuales fueron impartidos por 180 investigadores<br>del Centro Universitario Victoria.<br>El objetivo principal del campamento fue despertar vocaciones cient\u00edficas<br>desde una edad temprana, ofreciendo a la ni\u00f1ez de entre 6 y 12 a\u00f1os una<br>experiencia inolvidable a trav\u00e9s de 80 talleres interactivos que abarcaron \u00e1reas<br>como ciencias naturales, f\u00edsica, matem\u00e1ticas y qu\u00edmica.<br>Estas actividades fueron dise\u00f1adas para hacer la ciencia accesible y<br>entretenida promoviendo un aprendizaje din\u00e1mico y divertido. Adem\u00e1s, m\u00e1s de 50<br>estudiantes voluntarios de la UAT colaboraron con los investigadores en la<br>log\u00edstica, garantizando el buen desarrollo de todas las actividades.<br>El campamento tambi\u00e9n subray\u00f3 la importancia de iniciar una formaci\u00f3n<br>humanista desde temprana edad. Los peque\u00f1ines participaron en las diversas<br>actividades que no solo promovieron el desarrollo de habilidades cognitivas, sino<br>que tambi\u00e9n fomentaron la curiosidad intelectual.<br>Estos talleres fueron impartidos en diversas facultades y unidades<br>acad\u00e9micas de la UAT en el Campus Victoria, propiciando una experiencia<br>educativa integral y diversa.<\/p>\n\n\n\n<p>La clausura del campamento fue celebrada en el Gimnasio Multidisciplinario<br>Victoria de la UAT, con la presentaci\u00f3n especial del taller Sonidos y Tambores,<br>impartido por el Dr. Evaristo Aguilar L\u00f3pez y el Mtro. Juan Jos\u00e9 Rivas Zavala,<br>investigadores de la Facultad de M\u00fasica y Artes de la UAT, donde ni\u00f1as y<br>ni\u00f1os aprendieron sobre los diferentes instrumentos musicales y los sonidos que<br>emiten, enriqueciendo su comprensi\u00f3n tanto del arte como de la ciencia.<\/p>\n","protected":false},"excerpt":{"rendered":"<p>16 de Agosto de 2024 La Universidad Aut\u00f3noma de Tamaulipas (UAT) cerr\u00f3 exitosamente la terceraedici\u00f3n del Campamento de Verano Infantil \u201cAmor por la Ciencia\u201d 2024, un eventoque reuni\u00f3 en Ciudad Victoria la participaci\u00f3n de alrededor de 300 ni\u00f1os y ni\u00f1asen una semana dedicada a la ciencia y el aprendizaje l\u00fadico.Del 12 al 16 de agosto, [&hellip;]<\/p>\n","protected":false},"author":1,"featured_media":3271,"comment_status":"open","ping_status":"open","sticky":false,"template":"","format":"standard","meta":{"footnotes":""},"categories":[4],"tags":[],"class_list":["post-3270","post","type-post","status-publish","format-standard","has-post-thumbnail","hentry","category-universidades"],"blog_post_layout_featured_media_urls":{"thumbnail":["https:\/\/elregionaldigital.info\/wp-content\/uploads\/2024\/08\/4-150x150.jpeg",150,150,true],"full":["https:\/\/elregionaldigital.info\/wp-content\/uploads\/2024\/08\/4.jpeg",1600,1066,false]},"categories_names":{"4":{"name":"Universidades","link":"https:\/\/elregionaldigital.info\/?cat=4"}},"tags_names":[],"comments_number":"0","wpmagazine_modules_lite_featured_media_urls":{"thumbnail":["https:\/\/elregionaldigital.info\/wp-content\/uploads\/2024\/08\/4-150x150.jpeg",150,150,true],"cvmm-medium":["https:\/\/elregionaldigital.info\/wp-content\/uploads\/2024\/08\/4-300x300.jpeg",300,300,true],"cvmm-medium-plus":["https:\/\/elregionaldigital.info\/wp-content\/uploads\/2024\/08\/4-305x207.jpeg",305,207,true],"cvmm-portrait":["https:\/\/elregionaldigital.info\/wp-content\/uploads\/2024\/08\/4-400x600.jpeg",400,600,true],"cvmm-medium-square":["https:\/\/elregionaldigital.info\/wp-content\/uploads\/2024\/08\/4-600x600.jpeg",600,600,true],"cvmm-large":["https:\/\/elregionaldigital.info\/wp-content\/uploads\/2024\/08\/4-1024x1024.jpeg",1024,1024,true],"cvmm-small":["https:\/\/elregionaldigital.info\/wp-content\/uploads\/2024\/08\/4-130x95.jpeg",130,95,true],"full":["https:\/\/elregionaldigital.info\/wp-content\/uploads\/2024\/08\/4.jpeg",1600,1066,false]},"_links":{"self":[{"href":"https:\/\/elregionaldigital.info\/index.php?rest_route=\/wp\/v2\/posts\/3270","targetHints":{"allow":["GET"]}}],"collection":[{"href":"https:\/\/elregionaldigital.info\/index.php?rest_route=\/wp\/v2\/posts"}],"about":[{"href":"https:\/\/elregionaldigital.info\/index.php?rest_route=\/wp\/v2\/types\/post"}],"author":[{"embeddable":true,"href":"https:\/\/elregionaldigital.info\/index.php?rest_route=\/wp\/v2\/users\/1"}],"replies":[{"embeddable":true,"href":"https:\/\/elregionaldigital.info\/index.php?rest_route=%2Fwp%2Fv2%2Fcomments&post=3270"}],"version-history":[{"count":1,"href":"https:\/\/elregionaldigital.info\/index.php?rest_route=\/wp\/v2\/posts\/3270\/revisions"}],"predecessor-version":[{"id":3272,"href":"https:\/\/elregionaldigital.info\/index.php?rest_route=\/wp\/v2\/posts\/3270\/revisions\/3272"}],"wp:featuredmedia":[{"embeddable":true,"href":"https:\/\/elregionaldigital.info\/index.php?rest_route=\/wp\/v2\/media\/3271"}],"wp:attachment":[{"href":"https:\/\/elregionaldigital.info\/index.php?rest_route=%2Fwp%2Fv2%2Fmedia&parent=3270"}],"wp:term":[{"taxonomy":"category","embeddable":true,"href":"https:\/\/elregionaldigital.info\/index.php?rest_route=%2Fwp%2Fv2%2Fcategories&post=3270"},{"taxonomy":"post_tag","embeddable":true,"href":"https:\/\/elregionaldigital.info\/index.php?rest_route=%2Fwp%2Fv2%2Ftags&post=3270"}],"curies":[{"name":"wp","href":"https:\/\/api.w.org\/{rel}","templated":true}]}}