{"id":3267,"date":"2024-08-16T19:17:54","date_gmt":"2024-08-16T19:17:54","guid":{"rendered":"https:\/\/elregionaldigital.info\/?p=3267"},"modified":"2024-08-16T19:17:54","modified_gmt":"2024-08-16T19:17:54","slug":"estudiante-de-la-uat-barbara-gonzalez-gana-primer-lugar-en-el-v-torneo-iridia-salazar-blanco","status":"publish","type":"post","link":"https:\/\/elregionaldigital.info\/?p=3267","title":{"rendered":"Estudiante de la UAT, B\u00e1rbara Gonz\u00e1lez, gana primer lugar en el V Torneo \u201cIridia Salazar Blanco\u201d"},"content":{"rendered":"\n<p>Ciudad Victoria, Tam., 16 de agosto de 2024.<\/p>\n\n\n\n<p>B\u00e1rbara Gonz\u00e1lez, destacada deportista y estudiante de la Universidad Aut\u00f3noma de<br>Tamaulipas, se coron\u00f3 campeona en la categor\u00eda-73 kg en el V Torneo de Tae kwon Do<br>\u201cIridia Salazar Blanco\u201d, realizado en la ciudad de Quer\u00e9taro.<br>Este prestigioso torneo organizado anualmente re\u00fane a los mejores exponentes de<br>esa disciplina a nivel nacional.<br>Este logro de la estudiante de la Unidad Acad\u00e9mica Multidisciplinaria Reynosa<br>Aztl\u00e1n de la UAT es resultado de su arduo trabajo y dedicaci\u00f3n, respaldado por el apoyo<br>de su profesor Arturo de Le\u00f3n y su entrenador Gael G\u00f3mez.<br>Tras su participaci\u00f3n en los Juegos Nacionales CONADE, donde obtuvo un meritorio<br>quinto lugar, la joven atleta ha demostrado su dedicaci\u00f3n y constancia en cada combate,<br>elevando su rendimiento a un nivel destacable.<br>El reciente triunfo de B\u00e1rbara Gonz\u00e1lez no solo es un reconocimiento a su esfuerzo<br>personal, sino tambi\u00e9n un reflejo del talento y la disciplina que se impulsa en la UAT,<br>perfil\u00e1ndola como una de las contendientes m\u00e1s fuertes de cara al pr\u00f3ximo selectivo<br>estatal, que se llevar\u00e1 a cabo a finales del este mes de agosto.<\/p>\n","protected":false},"excerpt":{"rendered":"<p>Ciudad Victoria, Tam., 16 de agosto de 2024. B\u00e1rbara Gonz\u00e1lez, destacada deportista y estudiante de la Universidad Aut\u00f3noma deTamaulipas, se coron\u00f3 campeona en la categor\u00eda-73 kg en el V Torneo de Tae kwon Do\u201cIridia Salazar Blanco\u201d, realizado en la ciudad de Quer\u00e9taro.Este prestigioso torneo organizado anualmente re\u00fane a los mejores exponentes deesa disciplina a nivel [&hellip;]<\/p>\n","protected":false},"author":1,"featured_media":3268,"comment_status":"open","ping_status":"open","sticky":false,"template":"","format":"standard","meta":{"footnotes":""},"categories":[6],"tags":[],"class_list":["post-3267","post","type-post","status-publish","format-standard","has-post-thumbnail","hentry","category-deportes"],"blog_post_layout_featured_media_urls":{"thumbnail":["https:\/\/elregionaldigital.info\/wp-content\/uploads\/2024\/08\/1-2-150x150.jpeg",150,150,true],"full":["https:\/\/elregionaldigital.info\/wp-content\/uploads\/2024\/08\/1-2.jpeg",1200,1600,false]},"categories_names":{"6":{"name":"Deportes","link":"https:\/\/elregionaldigital.info\/?cat=6"}},"tags_names":[],"comments_number":"0","wpmagazine_modules_lite_featured_media_urls":{"thumbnail":["https:\/\/elregionaldigital.info\/wp-content\/uploads\/2024\/08\/1-2-150x150.jpeg",150,150,true],"cvmm-medium":["https:\/\/elregionaldigital.info\/wp-content\/uploads\/2024\/08\/1-2-300x300.jpeg",300,300,true],"cvmm-medium-plus":["https:\/\/elregionaldigital.info\/wp-content\/uploads\/2024\/08\/1-2-305x207.jpeg",305,207,true],"cvmm-portrait":["https:\/\/elregionaldigital.info\/wp-content\/uploads\/2024\/08\/1-2-400x600.jpeg",400,600,true],"cvmm-medium-square":["https:\/\/elregionaldigital.info\/wp-content\/uploads\/2024\/08\/1-2-600x600.jpeg",600,600,true],"cvmm-large":["https:\/\/elregionaldigital.info\/wp-content\/uploads\/2024\/08\/1-2-1024x1024.jpeg",1024,1024,true],"cvmm-small":["https:\/\/elregionaldigital.info\/wp-content\/uploads\/2024\/08\/1-2-130x95.jpeg",130,95,true],"full":["https:\/\/elregionaldigital.info\/wp-content\/uploads\/2024\/08\/1-2.jpeg",1200,1600,false]},"_links":{"self":[{"href":"https:\/\/elregionaldigital.info\/index.php?rest_route=\/wp\/v2\/posts\/3267","targetHints":{"allow":["GET"]}}],"collection":[{"href":"https:\/\/elregionaldigital.info\/index.php?rest_route=\/wp\/v2\/posts"}],"about":[{"href":"https:\/\/elregionaldigital.info\/index.php?rest_route=\/wp\/v2\/types\/post"}],"author":[{"embeddable":true,"href":"https:\/\/elregionaldigital.info\/index.php?rest_route=\/wp\/v2\/users\/1"}],"replies":[{"embeddable":true,"href":"https:\/\/elregionaldigital.info\/index.php?rest_route=%2Fwp%2Fv2%2Fcomments&post=3267"}],"version-history":[{"count":1,"href":"https:\/\/elregionaldigital.info\/index.php?rest_route=\/wp\/v2\/posts\/3267\/revisions"}],"predecessor-version":[{"id":3269,"href":"https:\/\/elregionaldigital.info\/index.php?rest_route=\/wp\/v2\/posts\/3267\/revisions\/3269"}],"wp:featuredmedia":[{"embeddable":true,"href":"https:\/\/elregionaldigital.info\/index.php?rest_route=\/wp\/v2\/media\/3268"}],"wp:attachment":[{"href":"https:\/\/elregionaldigital.info\/index.php?rest_route=%2Fwp%2Fv2%2Fmedia&parent=3267"}],"wp:term":[{"taxonomy":"category","embeddable":true,"href":"https:\/\/elregionaldigital.info\/index.php?rest_route=%2Fwp%2Fv2%2Fcategories&post=3267"},{"taxonomy":"post_tag","embeddable":true,"href":"https:\/\/elregionaldigital.info\/index.php?rest_route=%2Fwp%2Fv2%2Ftags&post=3267"}],"curies":[{"name":"wp","href":"https:\/\/api.w.org\/{rel}","templated":true}]}}