{"id":3252,"date":"2024-08-14T03:45:29","date_gmt":"2024-08-14T03:45:29","guid":{"rendered":"https:\/\/elregionaldigital.info\/?p=3252"},"modified":"2024-08-15T03:46:13","modified_gmt":"2024-08-15T03:46:13","slug":"se-realiza-en-matamoros-campana-de-matrimonios-colectivos","status":"publish","type":"post","link":"https:\/\/elregionaldigital.info\/?p=3252","title":{"rendered":"Se realiza en  Matamoros Campa\u00f1a de Matrimonios Colectivos"},"content":{"rendered":"\n<p>Resultado de una colaboraci\u00f3n entre el Sistema DIF Matamoros y el Departamento de Trabajo Social del Centro de Ejecuci\u00f3n de Sanciones (CEDES) de este municipio, una mujer y ocho hombres privados de la libertad participaron en la Campa\u00f1a de Matrimonios Colectivos.<\/p>\n\n\n\n<p>De las personas privadas de la libertad (PPLs) que participaron en esta campa\u00f1a, siete varones contrajeron nupcias con mujeres externas y una pareja de hombre y mujer que forman parte de la poblaci\u00f3n del centro formalizaron su uni\u00f3n.<\/p>\n\n\n\n<p>La ceremonia fue celebrada en el Sal\u00f3n de Usos M\u00faltiples del \u00e1rea varonil y cont\u00f3 con la presencia de la directora del Sistema DIF Matamoros, Miroslava De la Garza Luna; el procurador de ni\u00f1as, ni\u00f1os y adolescentes en Matamoros, Carlos Alberto Gonz\u00e1lez Pati\u00f1o; el juez primero y la asistente oficial del Registro Civil, Hirochima L\u00f3pez Amador y Vanessa De la Rosa S\u00e1nchez, respectivamente.<\/p>\n\n\n\n<p>La Secretar\u00eda de Seguridad Publica de Tamaulipas (SSPT) a trav\u00e9s de la Subsecretar\u00eda de Ejecuci\u00f3n de Sanciones y Reinserci\u00f3n Social salvaguarda los derechos de las personas privadas de la libertad (PPLs), durante su estancia en los cinco CEDES que existen en la entidad mediante una estrategia integral que permite disminuir la reincidencia de conductas delictivas.<\/p>\n","protected":false},"excerpt":{"rendered":"<p>Resultado de una colaboraci\u00f3n entre el Sistema DIF Matamoros y el Departamento de Trabajo Social del Centro de Ejecuci\u00f3n de Sanciones (CEDES) de este municipio, una mujer y ocho hombres privados de la libertad participaron en la Campa\u00f1a de Matrimonios Colectivos. De las personas privadas de la libertad (PPLs) que participaron en esta campa\u00f1a, siete [&hellip;]<\/p>\n","protected":false},"author":1,"featured_media":3253,"comment_status":"open","ping_status":"open","sticky":false,"template":"","format":"standard","meta":{"footnotes":""},"categories":[2],"tags":[],"class_list":["post-3252","post","type-post","status-publish","format-standard","has-post-thumbnail","hentry","category-tamaulipas"],"blog_post_layout_featured_media_urls":{"thumbnail":["https:\/\/elregionaldigital.info\/wp-content\/uploads\/2024\/08\/14bod-750x503-1-150x150.jpeg",150,150,true],"full":["https:\/\/elregionaldigital.info\/wp-content\/uploads\/2024\/08\/14bod-750x503-1.jpeg",750,503,false]},"categories_names":{"2":{"name":"Tamaulipas","link":"https:\/\/elregionaldigital.info\/?cat=2"}},"tags_names":[],"comments_number":"0","wpmagazine_modules_lite_featured_media_urls":{"thumbnail":["https:\/\/elregionaldigital.info\/wp-content\/uploads\/2024\/08\/14bod-750x503-1-150x150.jpeg",150,150,true],"cvmm-medium":["https:\/\/elregionaldigital.info\/wp-content\/uploads\/2024\/08\/14bod-750x503-1-300x300.jpeg",300,300,true],"cvmm-medium-plus":["https:\/\/elregionaldigital.info\/wp-content\/uploads\/2024\/08\/14bod-750x503-1-305x207.jpeg",305,207,true],"cvmm-portrait":["https:\/\/elregionaldigital.info\/wp-content\/uploads\/2024\/08\/14bod-750x503-1-400x503.jpeg",400,503,true],"cvmm-medium-square":["https:\/\/elregionaldigital.info\/wp-content\/uploads\/2024\/08\/14bod-750x503-1-600x503.jpeg",600,503,true],"cvmm-large":["https:\/\/elregionaldigital.info\/wp-content\/uploads\/2024\/08\/14bod-750x503-1.jpeg",750,503,false],"cvmm-small":["https:\/\/elregionaldigital.info\/wp-content\/uploads\/2024\/08\/14bod-750x503-1-130x95.jpeg",130,95,true],"full":["https:\/\/elregionaldigital.info\/wp-content\/uploads\/2024\/08\/14bod-750x503-1.jpeg",750,503,false]},"_links":{"self":[{"href":"https:\/\/elregionaldigital.info\/index.php?rest_route=\/wp\/v2\/posts\/3252","targetHints":{"allow":["GET"]}}],"collection":[{"href":"https:\/\/elregionaldigital.info\/index.php?rest_route=\/wp\/v2\/posts"}],"about":[{"href":"https:\/\/elregionaldigital.info\/index.php?rest_route=\/wp\/v2\/types\/post"}],"author":[{"embeddable":true,"href":"https:\/\/elregionaldigital.info\/index.php?rest_route=\/wp\/v2\/users\/1"}],"replies":[{"embeddable":true,"href":"https:\/\/elregionaldigital.info\/index.php?rest_route=%2Fwp%2Fv2%2Fcomments&post=3252"}],"version-history":[{"count":1,"href":"https:\/\/elregionaldigital.info\/index.php?rest_route=\/wp\/v2\/posts\/3252\/revisions"}],"predecessor-version":[{"id":3254,"href":"https:\/\/elregionaldigital.info\/index.php?rest_route=\/wp\/v2\/posts\/3252\/revisions\/3254"}],"wp:featuredmedia":[{"embeddable":true,"href":"https:\/\/elregionaldigital.info\/index.php?rest_route=\/wp\/v2\/media\/3253"}],"wp:attachment":[{"href":"https:\/\/elregionaldigital.info\/index.php?rest_route=%2Fwp%2Fv2%2Fmedia&parent=3252"}],"wp:term":[{"taxonomy":"category","embeddable":true,"href":"https:\/\/elregionaldigital.info\/index.php?rest_route=%2Fwp%2Fv2%2Fcategories&post=3252"},{"taxonomy":"post_tag","embeddable":true,"href":"https:\/\/elregionaldigital.info\/index.php?rest_route=%2Fwp%2Fv2%2Ftags&post=3252"}],"curies":[{"name":"wp","href":"https:\/\/api.w.org\/{rel}","templated":true}]}}