{"id":3249,"date":"2024-08-14T03:42:20","date_gmt":"2024-08-14T03:42:20","guid":{"rendered":"https:\/\/elregionaldigital.info\/?p=3249"},"modified":"2024-08-15T03:42:56","modified_gmt":"2024-08-15T03:42:56","slug":"suma-la-uat-esfuerzos-para-apoyar-con-utiles-escolares-a-estudiantes-del-sector-rural","status":"publish","type":"post","link":"https:\/\/elregionaldigital.info\/?p=3249","title":{"rendered":"Suma la UAT esfuerzos para apoyar con \u00fatiles escolares a estudiantes del sector rural"},"content":{"rendered":"\n<p>14 de AGOSTO de 2024<\/p>\n\n\n\n<p>En un acto de profundo compromiso social y solidario, la Universidad Aut\u00f3noma de<br>Tamaulipas (UAT) llev\u00f3 a cabo la Jornada de Empaquetado de \u00datiles Escolares con Adultos<br>Mayores, en la que se empacaron 285 kits de \u00fatiles destinados a estudiantes de \u00e1reas<br>rurales.<br>La actividad fue presidida por el rector de la UAT, MVZ D\u00e1maso Anaya Alvarado, y su<br>esposa, Lic. Isolda Rend\u00f3n de Anaya, presidenta de Familia UAT, en una significativa<br>jornada que reuni\u00f3 la participaci\u00f3n de adultos mayores que son atendidos a trav\u00e9s del<br>Centro Operativo Multidisciplinario de Atenci\u00f3n y Servicio Social (COMASS).<br>El rector D\u00e1maso Anaya ofreci\u00f3 un mensaje en el que resalt\u00f3 el compromiso de la<br>comunidad universitaria. \u201cCuando nos unimos, hay metas que podemos alcanzar\u201d, dijo, y<br>subray\u00f3 que este esfuerzo conjunto tiene un objetivo profundamente humano: apoyar a<br>los estudiantes de \u00e1reas rurales que, con mucho sacrificio, se esfuerzan por alcanzar sus<br>sue\u00f1os.<br>\u201cNuestro humanismo, nuestra empat\u00eda y nuestra solidaridad se ven reflejados en esta<br>actividad\u201d, puntualiz\u00f3 el rector, al tiempo que llam\u00f3 a seguir adelante con la certeza de<br>que cada peque\u00f1o gesto cuenta y que, unidos como una gran familia, se puede hacer una<br>diferencia en la vida de quienes m\u00e1s lo necesitan.<br>Con gran entusiasmo, los abuelitos del club del adulto mayor del COMASS-UAT<br>convivieron en esta din\u00e1mica y compartieron con el rector D\u00e1maso Anaya y su esposa<br>Isolda Rend\u00f3n esta jornada de empaquetado de \u00fatiles escolares recolectados, como<br>cuadernos, l\u00e1pices de grafito, l\u00e1pices de colores, plumas, marcatextos, tijeras, estuches de<br>geometr\u00eda, pegamentos, borradores, sacapuntas, loncheras, mochilas y lapiceras.<br>En el evento realizado en el Gimnasio Multidisciplinario del Campus Victoria, se cont\u00f3<br>con la participaci\u00f3n de estudiantes, voluntarios e integrantes de Familia UAT, como parte<\/p>\n\n\n\n<p>de la Colecta Universitaria \u201cUna mochila llena de oportunidades\u201d, que a\u00fan sigue<br>recibiendo donativos de \u00fatiles y art\u00edculos escolares en diversos puntos de recolecci\u00f3n<br>dentro de la universidad y que concluir\u00e1 el pr\u00f3ximo 23 de agosto.<\/p>\n","protected":false},"excerpt":{"rendered":"<p>14 de AGOSTO de 2024 En un acto de profundo compromiso social y solidario, la Universidad Aut\u00f3noma deTamaulipas (UAT) llev\u00f3 a cabo la Jornada de Empaquetado de \u00datiles Escolares con AdultosMayores, en la que se empacaron 285 kits de \u00fatiles destinados a estudiantes de \u00e1reasrurales.La actividad fue presidida por el rector de la UAT, MVZ [&hellip;]<\/p>\n","protected":false},"author":1,"featured_media":3250,"comment_status":"open","ping_status":"open","sticky":false,"template":"","format":"standard","meta":{"footnotes":""},"categories":[4],"tags":[],"class_list":["post-3249","post","type-post","status-publish","format-standard","has-post-thumbnail","hentry","category-universidades"],"blog_post_layout_featured_media_urls":{"thumbnail":["https:\/\/elregionaldigital.info\/wp-content\/uploads\/2024\/08\/1-1-150x150.jpeg",150,150,true],"full":["https:\/\/elregionaldigital.info\/wp-content\/uploads\/2024\/08\/1-1.jpeg",1600,1066,false]},"categories_names":{"4":{"name":"Universidades","link":"https:\/\/elregionaldigital.info\/?cat=4"}},"tags_names":[],"comments_number":"0","wpmagazine_modules_lite_featured_media_urls":{"thumbnail":["https:\/\/elregionaldigital.info\/wp-content\/uploads\/2024\/08\/1-1-150x150.jpeg",150,150,true],"cvmm-medium":["https:\/\/elregionaldigital.info\/wp-content\/uploads\/2024\/08\/1-1-300x300.jpeg",300,300,true],"cvmm-medium-plus":["https:\/\/elregionaldigital.info\/wp-content\/uploads\/2024\/08\/1-1-305x207.jpeg",305,207,true],"cvmm-portrait":["https:\/\/elregionaldigital.info\/wp-content\/uploads\/2024\/08\/1-1-400x600.jpeg",400,600,true],"cvmm-medium-square":["https:\/\/elregionaldigital.info\/wp-content\/uploads\/2024\/08\/1-1-600x600.jpeg",600,600,true],"cvmm-large":["https:\/\/elregionaldigital.info\/wp-content\/uploads\/2024\/08\/1-1-1024x1024.jpeg",1024,1024,true],"cvmm-small":["https:\/\/elregionaldigital.info\/wp-content\/uploads\/2024\/08\/1-1-130x95.jpeg",130,95,true],"full":["https:\/\/elregionaldigital.info\/wp-content\/uploads\/2024\/08\/1-1.jpeg",1600,1066,false]},"_links":{"self":[{"href":"https:\/\/elregionaldigital.info\/index.php?rest_route=\/wp\/v2\/posts\/3249","targetHints":{"allow":["GET"]}}],"collection":[{"href":"https:\/\/elregionaldigital.info\/index.php?rest_route=\/wp\/v2\/posts"}],"about":[{"href":"https:\/\/elregionaldigital.info\/index.php?rest_route=\/wp\/v2\/types\/post"}],"author":[{"embeddable":true,"href":"https:\/\/elregionaldigital.info\/index.php?rest_route=\/wp\/v2\/users\/1"}],"replies":[{"embeddable":true,"href":"https:\/\/elregionaldigital.info\/index.php?rest_route=%2Fwp%2Fv2%2Fcomments&post=3249"}],"version-history":[{"count":1,"href":"https:\/\/elregionaldigital.info\/index.php?rest_route=\/wp\/v2\/posts\/3249\/revisions"}],"predecessor-version":[{"id":3251,"href":"https:\/\/elregionaldigital.info\/index.php?rest_route=\/wp\/v2\/posts\/3249\/revisions\/3251"}],"wp:featuredmedia":[{"embeddable":true,"href":"https:\/\/elregionaldigital.info\/index.php?rest_route=\/wp\/v2\/media\/3250"}],"wp:attachment":[{"href":"https:\/\/elregionaldigital.info\/index.php?rest_route=%2Fwp%2Fv2%2Fmedia&parent=3249"}],"wp:term":[{"taxonomy":"category","embeddable":true,"href":"https:\/\/elregionaldigital.info\/index.php?rest_route=%2Fwp%2Fv2%2Fcategories&post=3249"},{"taxonomy":"post_tag","embeddable":true,"href":"https:\/\/elregionaldigital.info\/index.php?rest_route=%2Fwp%2Fv2%2Ftags&post=3249"}],"curies":[{"name":"wp","href":"https:\/\/api.w.org\/{rel}","templated":true}]}}