{"id":3246,"date":"2024-08-13T16:28:31","date_gmt":"2024-08-13T16:28:31","guid":{"rendered":"https:\/\/elregionaldigital.info\/?p=3246"},"modified":"2024-08-14T16:29:06","modified_gmt":"2024-08-14T16:29:06","slug":"anuncia-rector-nuevos-proyectos-para-fortalecer-crecimiento-de-la-uat","status":"publish","type":"post","link":"https:\/\/elregionaldigital.info\/?p=3246","title":{"rendered":"Anuncia rector nuevos proyectos para fortalecer crecimiento de la UAT"},"content":{"rendered":"\n<p><\/p>\n\n\n\n<p>El rector de la Universidad Aut\u00f3noma de Tamaulipas (UAT), MVZ D\u00e1maso Anaya<br>Alvarado, anunci\u00f3 nuevos proyectos que buscan fortalecer el crecimiento de la<br>m\u00e1xima casa de estudios y la articulaci\u00f3n de sus programas acad\u00e9micos, de<br>investigaci\u00f3n y vinculaci\u00f3n con el desarrollo de Tamaulipas y la regi\u00f3n noreste de<br>M\u00e9xico.<br>Al presidir la sexta reuni\u00f3n ordinaria del Colegio de Directores en la Escuela<br>Preparatoria N\u00famero 3 de la UAT en esta capital, el rector D\u00e1maso Anaya sostuvo<br>que se trabaja en \u00e1reas de oportunidad que permitan avanzar en el contexto<br>nacional y estar atentos a los proyectos que est\u00e1 impulsando el Gobierno del<br>Estado para sumar a esos esfuerzos las fortalezas de las diferentes dependencias<br>universitarias.<br>Ante los directores y directoras de las veintis\u00e9is facultades y unidades acad\u00e9micas<br>y escuelas de la UAT, el rector dijo que, adem\u00e1s de buscar el crecimiento en el<br>plano acad\u00e9mico, el prop\u00f3sito de su administraci\u00f3n es ofrecer mejores opciones<br>educativas a los j\u00f3venes tamaulipecos.<br>En ese sentido, apunt\u00f3 que se trabaja en la apertura de carreras de<br>Medicina, Enfermer\u00eda y Odontolog\u00eda en zonas del estado que no cuentan con<br>estos programas y abrir otras que respondan al crecimiento econ\u00f3mico de la<br>regi\u00f3n, adem\u00e1s de incrementar la matr\u00edcula en el nivel medio superior, donde se<br>contar\u00e1 con una escuela preparatoria en Nuevo Laredo en acuerdo con el<br>Ayuntamiento de esa ciudad fronteriza.<br>Destac\u00f3 la relaci\u00f3n que se tiene con la empresa australiana Woodside para<br>colaborar en los proyectos energ\u00e9ticos que se impulsan en el estado, as\u00ed como<br>acuerdos con la embajada de Australia, que ofreci\u00f3 la participaci\u00f3n de dos<br>universidades de ese pa\u00eds en programas de movilidad estudiantil y docente.<\/p>\n\n\n\n<p>Mencion\u00f3 que se estar\u00e1n trabajando proyectos con el Gobierno de<br>Tamaulipas para contribuir al desarrollo econ\u00f3mico y social de la entidad, como es<br>lo relacionado con la distribuci\u00f3n y cuidado del agua.<br>En otra parte de la reuni\u00f3n, constat\u00f3 los proyectos educativos y de vinculaci\u00f3n que<br>tiene en marcha la Escuela Preparatoria 3 de Ciudad de Victoria, que est\u00e1<br>avanzando en los grupos de clases biling\u00fces con alrededor de setenta estudiantes<br>en el dominio del idioma ingl\u00e9s, as\u00ed como el proyecto Para una Princesa, que ha<br>sumado a estudiantes y la sociedad en la campa\u00f1a de donaci\u00f3n de cabello para la<br>elaboraci\u00f3n de pelucas oncol\u00f3gicas.<br>Destac\u00f3 que, en vinculaci\u00f3n con organismos como la Confederaci\u00f3n<br>Nacional de C\u00e1maras de Comercio y Servicios Tur\u00edsticos, se ofrecer\u00e1 un<br>diplomado para estudiantes emprendedores, adem\u00e1s de estrechar lazos con<br>organismos como la COPARMEX para fortalecer los planes y programas<br>acad\u00e9micos conforme a las demandas del mercado laboral.<br>Como parte de la agenda, se present\u00f3 tambi\u00e9n el centro para la formaci\u00f3n<br>en materia de Juicios Orales que operan las facultades que imparten la carrera de<br>Derecho en Victoria, Tampico y Nuevo Laredo.<br>De igual manera, se inform\u00f3 el reciente reconocimiento a la UAT como<br>centro acreditado para evaluar y certificar a las instituciones de educaci\u00f3n superior<br>en el estado por parte del organismo nacional de est\u00e1ndares de competencias<br>CONOCER.<\/p>\n","protected":false},"excerpt":{"rendered":"<p>El rector de la Universidad Aut\u00f3noma de Tamaulipas (UAT), MVZ D\u00e1maso AnayaAlvarado, anunci\u00f3 nuevos proyectos que buscan fortalecer el crecimiento de lam\u00e1xima casa de estudios y la articulaci\u00f3n de sus programas acad\u00e9micos, deinvestigaci\u00f3n y vinculaci\u00f3n con el desarrollo de Tamaulipas y la regi\u00f3n noreste deM\u00e9xico.Al presidir la sexta reuni\u00f3n ordinaria del Colegio de Directores en [&hellip;]<\/p>\n","protected":false},"author":1,"featured_media":3247,"comment_status":"open","ping_status":"open","sticky":false,"template":"","format":"standard","meta":{"footnotes":""},"categories":[4],"tags":[],"class_list":["post-3246","post","type-post","status-publish","format-standard","has-post-thumbnail","hentry","category-universidades"],"blog_post_layout_featured_media_urls":{"thumbnail":["https:\/\/elregionaldigital.info\/wp-content\/uploads\/2024\/08\/3-1-1-150x150.jpg",150,150,true],"full":["https:\/\/elregionaldigital.info\/wp-content\/uploads\/2024\/08\/3-1-1-scaled.jpg",2560,1073,false]},"categories_names":{"4":{"name":"Universidades","link":"https:\/\/elregionaldigital.info\/?cat=4"}},"tags_names":[],"comments_number":"0","wpmagazine_modules_lite_featured_media_urls":{"thumbnail":["https:\/\/elregionaldigital.info\/wp-content\/uploads\/2024\/08\/3-1-1-150x150.jpg",150,150,true],"cvmm-medium":["https:\/\/elregionaldigital.info\/wp-content\/uploads\/2024\/08\/3-1-1-300x300.jpg",300,300,true],"cvmm-medium-plus":["https:\/\/elregionaldigital.info\/wp-content\/uploads\/2024\/08\/3-1-1-305x207.jpg",305,207,true],"cvmm-portrait":["https:\/\/elregionaldigital.info\/wp-content\/uploads\/2024\/08\/3-1-1-400x600.jpg",400,600,true],"cvmm-medium-square":["https:\/\/elregionaldigital.info\/wp-content\/uploads\/2024\/08\/3-1-1-600x600.jpg",600,600,true],"cvmm-large":["https:\/\/elregionaldigital.info\/wp-content\/uploads\/2024\/08\/3-1-1-1024x1024.jpg",1024,1024,true],"cvmm-small":["https:\/\/elregionaldigital.info\/wp-content\/uploads\/2024\/08\/3-1-1-130x95.jpg",130,95,true],"full":["https:\/\/elregionaldigital.info\/wp-content\/uploads\/2024\/08\/3-1-1-scaled.jpg",2560,1073,false]},"_links":{"self":[{"href":"https:\/\/elregionaldigital.info\/index.php?rest_route=\/wp\/v2\/posts\/3246","targetHints":{"allow":["GET"]}}],"collection":[{"href":"https:\/\/elregionaldigital.info\/index.php?rest_route=\/wp\/v2\/posts"}],"about":[{"href":"https:\/\/elregionaldigital.info\/index.php?rest_route=\/wp\/v2\/types\/post"}],"author":[{"embeddable":true,"href":"https:\/\/elregionaldigital.info\/index.php?rest_route=\/wp\/v2\/users\/1"}],"replies":[{"embeddable":true,"href":"https:\/\/elregionaldigital.info\/index.php?rest_route=%2Fwp%2Fv2%2Fcomments&post=3246"}],"version-history":[{"count":1,"href":"https:\/\/elregionaldigital.info\/index.php?rest_route=\/wp\/v2\/posts\/3246\/revisions"}],"predecessor-version":[{"id":3248,"href":"https:\/\/elregionaldigital.info\/index.php?rest_route=\/wp\/v2\/posts\/3246\/revisions\/3248"}],"wp:featuredmedia":[{"embeddable":true,"href":"https:\/\/elregionaldigital.info\/index.php?rest_route=\/wp\/v2\/media\/3247"}],"wp:attachment":[{"href":"https:\/\/elregionaldigital.info\/index.php?rest_route=%2Fwp%2Fv2%2Fmedia&parent=3246"}],"wp:term":[{"taxonomy":"category","embeddable":true,"href":"https:\/\/elregionaldigital.info\/index.php?rest_route=%2Fwp%2Fv2%2Fcategories&post=3246"},{"taxonomy":"post_tag","embeddable":true,"href":"https:\/\/elregionaldigital.info\/index.php?rest_route=%2Fwp%2Fv2%2Ftags&post=3246"}],"curies":[{"name":"wp","href":"https:\/\/api.w.org\/{rel}","templated":true}]}}