{"id":3240,"date":"2024-08-12T17:50:14","date_gmt":"2024-08-12T17:50:14","guid":{"rendered":"https:\/\/elregionaldigital.info\/?p=3240"},"modified":"2024-08-12T17:50:31","modified_gmt":"2024-08-12T17:50:31","slug":"fortalecen-en-tamaulipas-la-capacitacion-para-el-manejo-de-los-cocodrilos","status":"publish","type":"post","link":"https:\/\/elregionaldigital.info\/?p=3240","title":{"rendered":"Fortalecen en Tamaulipas la capacitaci\u00f3n para el manejo de los cocodrilos"},"content":{"rendered":"\n<p>La Comisi\u00f3n de Caza y Pesca de Tamaulipas llev\u00f3 a cabo una visita a la Unidad de Manejo Ambiental (UMA) Intensiva Cococanek, ubicada en el ejido Jacinto Canek, en el municipio de Casas. El objetivo fue inspeccionar las instalaciones con miras a implementar un programa esencial de capacitaci\u00f3n en el manejo de cocodrilos, una iniciativa que busca proteger tanto a los seres humanos como a esta emblem\u00e1tica especie.<\/p>\n\n\n\n<p>El vocal ejecutivo de la Comisi\u00f3n de Caza y Pesca Deportiva, Luis Eduardo Garc\u00eda Reyes destac\u00f3 la relevancia de esta capacitaci\u00f3n, se\u00f1alando que se centrar\u00e1 en aspectos clave como el manejo, contenci\u00f3n, reubicaci\u00f3n y resguardo de cocodrilos, siguiendo estrictamente el protocolo de atenci\u00f3n a contingencias \u201cHumano-Cocodrilo\u201d.<\/p>\n\n\n\n<p>\u201cNuestro objetivo es formar personal altamente capacitado, que pueda actuar de manera eficiente y segura en situaciones de interacci\u00f3n entre humanos y cocodrilos\u201d.<\/p>\n\n\n\n<p>Este taller, que ser\u00e1 impartido por expertos en la materia, est\u00e1 dirigido principalmente a miembros de Protecci\u00f3n Civil y bomberos de distintos municipios de Tamaulipas, donde se han reportado incidentes con cocodrilos.<\/p>\n\n\n\n<p>La capacitaci\u00f3n no solo fortalecer\u00e1 las habilidades del personal, sino que tambi\u00e9n contribuir\u00e1 a la coexistencia segura entre las comunidades humanas y los cocodrilos en la regi\u00f3n.<\/p>\n\n\n\n<p>Con esta iniciativa, se busca no solo la protecci\u00f3n de las personas, sino tambi\u00e9n el respeto y la conservaci\u00f3n de una especie que forma parte integral de la biodiversidad de Tamaulipas, \u201cestamos comprometidos con la seguridad de nuestra gente y con la preservaci\u00f3n de nuestros recursos naturales\u201d, concluy\u00f3 Garc\u00eda Reyes.<\/p>\n","protected":false},"excerpt":{"rendered":"<p>La Comisi\u00f3n de Caza y Pesca de Tamaulipas llev\u00f3 a cabo una visita a la Unidad de Manejo Ambiental (UMA) Intensiva Cococanek, ubicada en el ejido Jacinto Canek, en el municipio de Casas. El objetivo fue inspeccionar las instalaciones con miras a implementar un programa esencial de capacitaci\u00f3n en el manejo de cocodrilos, una iniciativa [&hellip;]<\/p>\n","protected":false},"author":1,"featured_media":3241,"comment_status":"open","ping_status":"open","sticky":false,"template":"","format":"standard","meta":{"footnotes":""},"categories":[5],"tags":[],"class_list":["post-3240","post","type-post","status-publish","format-standard","has-post-thumbnail","hentry","category-nacional"],"blog_post_layout_featured_media_urls":{"thumbnail":["https:\/\/elregionaldigital.info\/wp-content\/uploads\/2024\/08\/10cocod-750x338-1-150x150.jpeg",150,150,true],"full":["https:\/\/elregionaldigital.info\/wp-content\/uploads\/2024\/08\/10cocod-750x338-1.jpeg",750,338,false]},"categories_names":{"5":{"name":"Nacional","link":"https:\/\/elregionaldigital.info\/?cat=5"}},"tags_names":[],"comments_number":"0","wpmagazine_modules_lite_featured_media_urls":{"thumbnail":["https:\/\/elregionaldigital.info\/wp-content\/uploads\/2024\/08\/10cocod-750x338-1-150x150.jpeg",150,150,true],"cvmm-medium":["https:\/\/elregionaldigital.info\/wp-content\/uploads\/2024\/08\/10cocod-750x338-1-300x300.jpeg",300,300,true],"cvmm-medium-plus":["https:\/\/elregionaldigital.info\/wp-content\/uploads\/2024\/08\/10cocod-750x338-1-305x207.jpeg",305,207,true],"cvmm-portrait":["https:\/\/elregionaldigital.info\/wp-content\/uploads\/2024\/08\/10cocod-750x338-1-400x338.jpeg",400,338,true],"cvmm-medium-square":["https:\/\/elregionaldigital.info\/wp-content\/uploads\/2024\/08\/10cocod-750x338-1-600x338.jpeg",600,338,true],"cvmm-large":["https:\/\/elregionaldigital.info\/wp-content\/uploads\/2024\/08\/10cocod-750x338-1.jpeg",750,338,false],"cvmm-small":["https:\/\/elregionaldigital.info\/wp-content\/uploads\/2024\/08\/10cocod-750x338-1-130x95.jpeg",130,95,true],"full":["https:\/\/elregionaldigital.info\/wp-content\/uploads\/2024\/08\/10cocod-750x338-1.jpeg",750,338,false]},"_links":{"self":[{"href":"https:\/\/elregionaldigital.info\/index.php?rest_route=\/wp\/v2\/posts\/3240","targetHints":{"allow":["GET"]}}],"collection":[{"href":"https:\/\/elregionaldigital.info\/index.php?rest_route=\/wp\/v2\/posts"}],"about":[{"href":"https:\/\/elregionaldigital.info\/index.php?rest_route=\/wp\/v2\/types\/post"}],"author":[{"embeddable":true,"href":"https:\/\/elregionaldigital.info\/index.php?rest_route=\/wp\/v2\/users\/1"}],"replies":[{"embeddable":true,"href":"https:\/\/elregionaldigital.info\/index.php?rest_route=%2Fwp%2Fv2%2Fcomments&post=3240"}],"version-history":[{"count":1,"href":"https:\/\/elregionaldigital.info\/index.php?rest_route=\/wp\/v2\/posts\/3240\/revisions"}],"predecessor-version":[{"id":3242,"href":"https:\/\/elregionaldigital.info\/index.php?rest_route=\/wp\/v2\/posts\/3240\/revisions\/3242"}],"wp:featuredmedia":[{"embeddable":true,"href":"https:\/\/elregionaldigital.info\/index.php?rest_route=\/wp\/v2\/media\/3241"}],"wp:attachment":[{"href":"https:\/\/elregionaldigital.info\/index.php?rest_route=%2Fwp%2Fv2%2Fmedia&parent=3240"}],"wp:term":[{"taxonomy":"category","embeddable":true,"href":"https:\/\/elregionaldigital.info\/index.php?rest_route=%2Fwp%2Fv2%2Fcategories&post=3240"},{"taxonomy":"post_tag","embeddable":true,"href":"https:\/\/elregionaldigital.info\/index.php?rest_route=%2Fwp%2Fv2%2Ftags&post=3240"}],"curies":[{"name":"wp","href":"https:\/\/api.w.org\/{rel}","templated":true}]}}