{"id":3237,"date":"2024-08-11T17:48:37","date_gmt":"2024-08-11T17:48:37","guid":{"rendered":"https:\/\/elregionaldigital.info\/?p=3237"},"modified":"2024-08-12T17:48:59","modified_gmt":"2024-08-12T17:48:59","slug":"incendio-afecta-la-mansion-de-marc-anthony-en-republica-dominicana","status":"publish","type":"post","link":"https:\/\/elregionaldigital.info\/?p=3237","title":{"rendered":"Incendio afecta la mansi\u00f3n de Marc Anthony en Rep\u00fablica Dominicana"},"content":{"rendered":"\n<p><a href=\"https:\/\/laverdad.com.mx\/wp-content\/uploads\/2024\/08\/marc-anthony.webp\"><\/a><\/p>\n\n\n\n<p>La mansi\u00f3n del cantante Marc Anthony, ubicada en La Romana, Rep\u00fablica Dominicana, sufri\u00f3 un incendio que, aunque no caus\u00f3 v\u00edctimas, s\u00ed dej\u00f3 da\u00f1os materiales significativos, seg\u00fan informaron medios locales. El siniestro comenz\u00f3 en el \u00e1rea de bungalows, donde usualmente se alojan los invitados, y afect\u00f3 esa parte del complejo.<\/p>\n\n\n\n<p>Afortunadamente, ni Marc Anthony ni su familia estaban presentes en la propiedad cuando se desat\u00f3 el fuego. Seg\u00fan el equipo del artista, el incendio se origin\u00f3 en la parte izquierda del complejo, pero los bomberos locales lograron controlar las llamas antes de que alcanzaran la casa principal, conocida como El Oasis.<\/p>\n\n\n\n<p>Esta villa, adem\u00e1s de ser un refugio vacacional para el cantante, su esposa Nadia Ferreira, y su hijo Marquitos, es un lugar de reuni\u00f3n familiar. La propiedad cuenta con lujosos acabados de pino americano, bungalows con capacidad para alojar a 24 personas, dos piscinas, y otras instalaciones de lujo que convierten este lugar en un destino ideal para el descanso y la convivencia.<\/p>\n\n\n\n<p>A pesar del incendio, la casa principal no result\u00f3 da\u00f1ada, lo que permiti\u00f3 preservar gran parte de la esencia y el valor de esta exclusiva residencia.<\/p>\n","protected":false},"excerpt":{"rendered":"<p>La mansi\u00f3n del cantante Marc Anthony, ubicada en La Romana, Rep\u00fablica Dominicana, sufri\u00f3 un incendio que, aunque no caus\u00f3 v\u00edctimas, s\u00ed dej\u00f3 da\u00f1os materiales significativos, seg\u00fan informaron medios locales. El siniestro comenz\u00f3 en el \u00e1rea de bungalows, donde usualmente se alojan los invitados, y afect\u00f3 esa parte del complejo. Afortunadamente, ni Marc Anthony ni su [&hellip;]<\/p>\n","protected":false},"author":1,"featured_media":3238,"comment_status":"open","ping_status":"open","sticky":false,"template":"","format":"standard","meta":{"footnotes":""},"categories":[3],"tags":[],"class_list":["post-3237","post","type-post","status-publish","format-standard","has-post-thumbnail","hentry","category-entretenimiento"],"blog_post_layout_featured_media_urls":{"thumbnail":["https:\/\/elregionaldigital.info\/wp-content\/uploads\/2024\/08\/marc-anthony-750x422-1-150x150.webp",150,150,true],"full":["https:\/\/elregionaldigital.info\/wp-content\/uploads\/2024\/08\/marc-anthony-750x422-1.webp",750,422,false]},"categories_names":{"3":{"name":"Entretenimiento","link":"https:\/\/elregionaldigital.info\/?cat=3"}},"tags_names":[],"comments_number":"0","wpmagazine_modules_lite_featured_media_urls":{"thumbnail":["https:\/\/elregionaldigital.info\/wp-content\/uploads\/2024\/08\/marc-anthony-750x422-1-150x150.webp",150,150,true],"cvmm-medium":["https:\/\/elregionaldigital.info\/wp-content\/uploads\/2024\/08\/marc-anthony-750x422-1-300x300.webp",300,300,true],"cvmm-medium-plus":["https:\/\/elregionaldigital.info\/wp-content\/uploads\/2024\/08\/marc-anthony-750x422-1-305x207.webp",305,207,true],"cvmm-portrait":["https:\/\/elregionaldigital.info\/wp-content\/uploads\/2024\/08\/marc-anthony-750x422-1-400x422.webp",400,422,true],"cvmm-medium-square":["https:\/\/elregionaldigital.info\/wp-content\/uploads\/2024\/08\/marc-anthony-750x422-1-600x422.webp",600,422,true],"cvmm-large":["https:\/\/elregionaldigital.info\/wp-content\/uploads\/2024\/08\/marc-anthony-750x422-1.webp",750,422,false],"cvmm-small":["https:\/\/elregionaldigital.info\/wp-content\/uploads\/2024\/08\/marc-anthony-750x422-1-130x95.webp",130,95,true],"full":["https:\/\/elregionaldigital.info\/wp-content\/uploads\/2024\/08\/marc-anthony-750x422-1.webp",750,422,false]},"_links":{"self":[{"href":"https:\/\/elregionaldigital.info\/index.php?rest_route=\/wp\/v2\/posts\/3237","targetHints":{"allow":["GET"]}}],"collection":[{"href":"https:\/\/elregionaldigital.info\/index.php?rest_route=\/wp\/v2\/posts"}],"about":[{"href":"https:\/\/elregionaldigital.info\/index.php?rest_route=\/wp\/v2\/types\/post"}],"author":[{"embeddable":true,"href":"https:\/\/elregionaldigital.info\/index.php?rest_route=\/wp\/v2\/users\/1"}],"replies":[{"embeddable":true,"href":"https:\/\/elregionaldigital.info\/index.php?rest_route=%2Fwp%2Fv2%2Fcomments&post=3237"}],"version-history":[{"count":1,"href":"https:\/\/elregionaldigital.info\/index.php?rest_route=\/wp\/v2\/posts\/3237\/revisions"}],"predecessor-version":[{"id":3239,"href":"https:\/\/elregionaldigital.info\/index.php?rest_route=\/wp\/v2\/posts\/3237\/revisions\/3239"}],"wp:featuredmedia":[{"embeddable":true,"href":"https:\/\/elregionaldigital.info\/index.php?rest_route=\/wp\/v2\/media\/3238"}],"wp:attachment":[{"href":"https:\/\/elregionaldigital.info\/index.php?rest_route=%2Fwp%2Fv2%2Fmedia&parent=3237"}],"wp:term":[{"taxonomy":"category","embeddable":true,"href":"https:\/\/elregionaldigital.info\/index.php?rest_route=%2Fwp%2Fv2%2Fcategories&post=3237"},{"taxonomy":"post_tag","embeddable":true,"href":"https:\/\/elregionaldigital.info\/index.php?rest_route=%2Fwp%2Fv2%2Ftags&post=3237"}],"curies":[{"name":"wp","href":"https:\/\/api.w.org\/{rel}","templated":true}]}}