{"id":3234,"date":"2024-08-10T17:47:42","date_gmt":"2024-08-10T17:47:42","guid":{"rendered":"https:\/\/elregionaldigital.info\/?p=3234"},"modified":"2024-08-12T17:48:12","modified_gmt":"2024-08-12T17:48:12","slug":"avion-se-estrella-en-brasil-62-personas-iban-a-bordo","status":"publish","type":"post","link":"https:\/\/elregionaldigital.info\/?p=3234","title":{"rendered":"Avi\u00f3n se estrella en Brasil; 62 personas iban a bordo"},"content":{"rendered":"\n<p><a href=\"https:\/\/laverdad.com.mx\/wp-content\/uploads\/2024\/08\/9bras.webp\"><\/a><\/p>\n\n\n\n<p>Un avi\u00f3n con al menos 62 personas a bordo se estrell\u00f3 este viernes en el interior del estado brasile\u00f1o de Sao Paulo, informaron los bomberos y la aerol\u00ednea.<\/p>\n\n\n\n<p>La aeronave de la compa\u00f1\u00eda Voepass que viajaba de Cascavel, en el estado de Paran\u00e1 (sur), al aeropuerto internacional de Guarulhos, en Sao Paulo, se precipit\u00f3 sobre la localidad de Vinhedo, seg\u00fan im\u00e1genes que mostraron medios locales.<\/p>\n\n\n\n<p>Pese a que todav\u00eda no hay ning\u00fan balance oficial, el presidente Luiz In\u00e1cio Lula da Silva afirm\u00f3 durante un acto oficial que \u201cparece que todos\u201d los pasajeros murieron.<\/p>\n\n\n\n<p>\u201cAcaba de caer un avi\u00f3n en la ciudad de Vinhedo, en Sao Paulo, con 58 pasajeros y 4 tripulantes y parece que todos murieron\u201d, dijo Lula en medio de su discurso en Itaja\u00ed (Santa Catarina, sur).<\/p>\n\n\n\n<p>Voepass dijo que \u201cla aeronave despeg\u00f3 de Cascavel-PR con destino al aeropuerto de Guarulhos\u201d. \u201cA\u00fan no hay confirmaci\u00f3n de c\u00f3mo se produjo el accidente ni de la situaci\u00f3n actual de las personas a bordo\u201d, agreg\u00f3.<\/p>\n","protected":false},"excerpt":{"rendered":"<p>Un avi\u00f3n con al menos 62 personas a bordo se estrell\u00f3 este viernes en el interior del estado brasile\u00f1o de Sao Paulo, informaron los bomberos y la aerol\u00ednea. La aeronave de la compa\u00f1\u00eda Voepass que viajaba de Cascavel, en el estado de Paran\u00e1 (sur), al aeropuerto internacional de Guarulhos, en Sao Paulo, se precipit\u00f3 sobre [&hellip;]<\/p>\n","protected":false},"author":1,"featured_media":3235,"comment_status":"open","ping_status":"open","sticky":false,"template":"","format":"standard","meta":{"footnotes":""},"categories":[11],"tags":[],"class_list":["post-3234","post","type-post","status-publish","format-standard","has-post-thumbnail","hentry","category-mundo"],"blog_post_layout_featured_media_urls":{"thumbnail":["https:\/\/elregionaldigital.info\/wp-content\/uploads\/2024\/08\/9bras-750x563-1-150x150.webp",150,150,true],"full":["https:\/\/elregionaldigital.info\/wp-content\/uploads\/2024\/08\/9bras-750x563-1.webp",750,563,false]},"categories_names":{"11":{"name":"Mundo","link":"https:\/\/elregionaldigital.info\/?cat=11"}},"tags_names":[],"comments_number":"0","wpmagazine_modules_lite_featured_media_urls":{"thumbnail":["https:\/\/elregionaldigital.info\/wp-content\/uploads\/2024\/08\/9bras-750x563-1-150x150.webp",150,150,true],"cvmm-medium":["https:\/\/elregionaldigital.info\/wp-content\/uploads\/2024\/08\/9bras-750x563-1-300x300.webp",300,300,true],"cvmm-medium-plus":["https:\/\/elregionaldigital.info\/wp-content\/uploads\/2024\/08\/9bras-750x563-1-305x207.webp",305,207,true],"cvmm-portrait":["https:\/\/elregionaldigital.info\/wp-content\/uploads\/2024\/08\/9bras-750x563-1-400x563.webp",400,563,true],"cvmm-medium-square":["https:\/\/elregionaldigital.info\/wp-content\/uploads\/2024\/08\/9bras-750x563-1-600x563.webp",600,563,true],"cvmm-large":["https:\/\/elregionaldigital.info\/wp-content\/uploads\/2024\/08\/9bras-750x563-1.webp",750,563,false],"cvmm-small":["https:\/\/elregionaldigital.info\/wp-content\/uploads\/2024\/08\/9bras-750x563-1-130x95.webp",130,95,true],"full":["https:\/\/elregionaldigital.info\/wp-content\/uploads\/2024\/08\/9bras-750x563-1.webp",750,563,false]},"_links":{"self":[{"href":"https:\/\/elregionaldigital.info\/index.php?rest_route=\/wp\/v2\/posts\/3234","targetHints":{"allow":["GET"]}}],"collection":[{"href":"https:\/\/elregionaldigital.info\/index.php?rest_route=\/wp\/v2\/posts"}],"about":[{"href":"https:\/\/elregionaldigital.info\/index.php?rest_route=\/wp\/v2\/types\/post"}],"author":[{"embeddable":true,"href":"https:\/\/elregionaldigital.info\/index.php?rest_route=\/wp\/v2\/users\/1"}],"replies":[{"embeddable":true,"href":"https:\/\/elregionaldigital.info\/index.php?rest_route=%2Fwp%2Fv2%2Fcomments&post=3234"}],"version-history":[{"count":1,"href":"https:\/\/elregionaldigital.info\/index.php?rest_route=\/wp\/v2\/posts\/3234\/revisions"}],"predecessor-version":[{"id":3236,"href":"https:\/\/elregionaldigital.info\/index.php?rest_route=\/wp\/v2\/posts\/3234\/revisions\/3236"}],"wp:featuredmedia":[{"embeddable":true,"href":"https:\/\/elregionaldigital.info\/index.php?rest_route=\/wp\/v2\/media\/3235"}],"wp:attachment":[{"href":"https:\/\/elregionaldigital.info\/index.php?rest_route=%2Fwp%2Fv2%2Fmedia&parent=3234"}],"wp:term":[{"taxonomy":"category","embeddable":true,"href":"https:\/\/elregionaldigital.info\/index.php?rest_route=%2Fwp%2Fv2%2Fcategories&post=3234"},{"taxonomy":"post_tag","embeddable":true,"href":"https:\/\/elregionaldigital.info\/index.php?rest_route=%2Fwp%2Fv2%2Ftags&post=3234"}],"curies":[{"name":"wp","href":"https:\/\/api.w.org\/{rel}","templated":true}]}}