{"id":3231,"date":"2024-08-11T17:24:19","date_gmt":"2024-08-11T17:24:19","guid":{"rendered":"https:\/\/elregionaldigital.info\/?p=3231"},"modified":"2024-08-12T17:24:45","modified_gmt":"2024-08-12T17:24:45","slug":"pondra-la-uat-en-adopcion-heroes-caninos","status":"publish","type":"post","link":"https:\/\/elregionaldigital.info\/?p=3231","title":{"rendered":"Pondr\u00e1 la UAT en adopci\u00f3n h\u00e9roes caninos"},"content":{"rendered":"\n<p>La Universidad Aut\u00f3noma de Tamaulipas pone en marcha la convocatoria \u201cFamilia<br>UAT. Adopta un h\u00e9roe canino\u201d, para dar en adopci\u00f3n a perros que han sido<br>retirados de corporaciones de seguridad y auxilio, con la finalidad de que<br>encuentren un hogar y una familia que les brinde su cuidado y atenci\u00f3n.<br>La iniciativa forma parte de los lineamientos del rector de la UAT, MVZ<br>D\u00e1maso Anaya Alvarado, en el sentido de estrechar los lazos universitarios con la<br>sociedad mediante acciones humanistas que contribuyan a hacer conciencia en<br>temas sensibles, como en este caso el bienestar animal.<br>La convocatoria estar\u00e1 disponible del 12 al 18 de agosto, con la invitaci\u00f3n<br>a los interesados en participar para que se registren en el siguiente link<br>https:\/\/forms.office.com\/r\/Xjkvk4pFbX y, para mayores informes o asesor\u00eda,<br>comunicarse a trav\u00e9s de las redes sociales tanto de la UAT como de la Facultad<br>de Medicina Veterinaria y Zootecnia (FMVZ-UAT), as\u00ed como al tel\u00e9fono<br>conmutador 834 318 1800, extensi\u00f3n 2508, de la Secretar\u00eda T\u00e9cnica del plantel.<br>Se trata de siete perros que est\u00e1n en adopci\u00f3n, y que por muchos a\u00f1os<br>sirvieron en diferentes corporaciones, como Protecci\u00f3n Civil y la Secretar\u00eda de la<br>Defensa Nacional, realizando tareas de b\u00fasqueda y rescate en condiciones de<br>desastre, terremotos, fen\u00f3menos meteorol\u00f3gicos y otras circunstancias.<br>El prop\u00f3sito es buscar un hogar para cada uno de los h\u00e9roes caninos y<br>procurar su bienestar, raz\u00f3n por la cual el Comit\u00e9 de Bio\u00e9tica y Bienestar Animal<br>de la FMVZ-UAT ser\u00e1 la instancia encargada de evaluar y elegir las opciones<br>id\u00f3neas para la adopci\u00f3n de los canes.<\/p>\n\n\n\n<p>Dicho comit\u00e9 es un cuerpo colegiado de especialistas en distintas \u00e1reas de<br>medicina veterinaria y zootecnia que revisa todos los proyectos con la intenci\u00f3n de<br>que cualquier experimento, tesis o estudio que involucre animales se haga<\/p>\n\n\n\n<p>conforme a las normas oficiales y de que no exista maltrato animal.<br>Las solicitudes de adopci\u00f3n ser\u00e1n evaluadas para calificar a las opciones<br>que muestren mejores condiciones de vida para los perros. Entre los requisitos,<br>los interesados deber\u00e1n ofrecer una atenci\u00f3n integral en aspectos como salud,<br>alimentaci\u00f3n, higiene y espacios adecuados para su actividad y esparcimiento.<br>Una vez entregados, se dar\u00e1 seguimiento a la adopci\u00f3n de los ejemplares<br>para asegurar que est\u00e9n viviendo en las condiciones que se exigen y que ser\u00e1n<br>especificadas en una carta compromiso.<br>Entrenados para la localizaci\u00f3n de personas y tareas de seguridad, los<br>perros han cumplido su etapa de servicio, y ahora, bajo el resguardo de la FMVZ,<br>se les adaptaron instalaciones y se les ha atendido su estado de salud por medio<br>del Hospital Veterinario de Peque\u00f1as Especies de la UAT.<br>La entrega para su adopci\u00f3n a quienes ser\u00e1n sus nuevos due\u00f1os se llevar\u00e1<br>a cabo en Ciudad Victoria en una ceremonia p\u00fablica, donde se entregar\u00e1 el<br>certificado m\u00e9dico, procedencia y trayectoria de servicio de cada uno de los<br>h\u00e9roes caninos.<\/p>\n","protected":false},"excerpt":{"rendered":"<p>La Universidad Aut\u00f3noma de Tamaulipas pone en marcha la convocatoria \u201cFamiliaUAT. Adopta un h\u00e9roe canino\u201d, para dar en adopci\u00f3n a perros que han sidoretirados de corporaciones de seguridad y auxilio, con la finalidad de queencuentren un hogar y una familia que les brinde su cuidado y atenci\u00f3n.La iniciativa forma parte de los lineamientos del rector [&hellip;]<\/p>\n","protected":false},"author":1,"featured_media":3232,"comment_status":"open","ping_status":"open","sticky":false,"template":"","format":"standard","meta":{"footnotes":""},"categories":[4],"tags":[],"class_list":["post-3231","post","type-post","status-publish","format-standard","has-post-thumbnail","hentry","category-universidades"],"blog_post_layout_featured_media_urls":{"thumbnail":["https:\/\/elregionaldigital.info\/wp-content\/uploads\/2024\/08\/3-1-150x150.jpg",150,150,true],"full":["https:\/\/elregionaldigital.info\/wp-content\/uploads\/2024\/08\/3-1-scaled.jpg",2560,1707,false]},"categories_names":{"4":{"name":"Universidades","link":"https:\/\/elregionaldigital.info\/?cat=4"}},"tags_names":[],"comments_number":"0","wpmagazine_modules_lite_featured_media_urls":{"thumbnail":["https:\/\/elregionaldigital.info\/wp-content\/uploads\/2024\/08\/3-1-150x150.jpg",150,150,true],"cvmm-medium":["https:\/\/elregionaldigital.info\/wp-content\/uploads\/2024\/08\/3-1-300x300.jpg",300,300,true],"cvmm-medium-plus":["https:\/\/elregionaldigital.info\/wp-content\/uploads\/2024\/08\/3-1-305x207.jpg",305,207,true],"cvmm-portrait":["https:\/\/elregionaldigital.info\/wp-content\/uploads\/2024\/08\/3-1-400x600.jpg",400,600,true],"cvmm-medium-square":["https:\/\/elregionaldigital.info\/wp-content\/uploads\/2024\/08\/3-1-600x600.jpg",600,600,true],"cvmm-large":["https:\/\/elregionaldigital.info\/wp-content\/uploads\/2024\/08\/3-1-1024x1024.jpg",1024,1024,true],"cvmm-small":["https:\/\/elregionaldigital.info\/wp-content\/uploads\/2024\/08\/3-1-130x95.jpg",130,95,true],"full":["https:\/\/elregionaldigital.info\/wp-content\/uploads\/2024\/08\/3-1-scaled.jpg",2560,1707,false]},"_links":{"self":[{"href":"https:\/\/elregionaldigital.info\/index.php?rest_route=\/wp\/v2\/posts\/3231","targetHints":{"allow":["GET"]}}],"collection":[{"href":"https:\/\/elregionaldigital.info\/index.php?rest_route=\/wp\/v2\/posts"}],"about":[{"href":"https:\/\/elregionaldigital.info\/index.php?rest_route=\/wp\/v2\/types\/post"}],"author":[{"embeddable":true,"href":"https:\/\/elregionaldigital.info\/index.php?rest_route=\/wp\/v2\/users\/1"}],"replies":[{"embeddable":true,"href":"https:\/\/elregionaldigital.info\/index.php?rest_route=%2Fwp%2Fv2%2Fcomments&post=3231"}],"version-history":[{"count":1,"href":"https:\/\/elregionaldigital.info\/index.php?rest_route=\/wp\/v2\/posts\/3231\/revisions"}],"predecessor-version":[{"id":3233,"href":"https:\/\/elregionaldigital.info\/index.php?rest_route=\/wp\/v2\/posts\/3231\/revisions\/3233"}],"wp:featuredmedia":[{"embeddable":true,"href":"https:\/\/elregionaldigital.info\/index.php?rest_route=\/wp\/v2\/media\/3232"}],"wp:attachment":[{"href":"https:\/\/elregionaldigital.info\/index.php?rest_route=%2Fwp%2Fv2%2Fmedia&parent=3231"}],"wp:term":[{"taxonomy":"category","embeddable":true,"href":"https:\/\/elregionaldigital.info\/index.php?rest_route=%2Fwp%2Fv2%2Fcategories&post=3231"},{"taxonomy":"post_tag","embeddable":true,"href":"https:\/\/elregionaldigital.info\/index.php?rest_route=%2Fwp%2Fv2%2Ftags&post=3231"}],"curies":[{"name":"wp","href":"https:\/\/api.w.org\/{rel}","templated":true}]}}