{"id":3228,"date":"2024-08-10T17:12:11","date_gmt":"2024-08-10T17:12:11","guid":{"rendered":"https:\/\/elregionaldigital.info\/?p=3228"},"modified":"2024-08-12T17:12:38","modified_gmt":"2024-08-12T17:12:38","slug":"inauguran-en-la-uat-el-campeonato-nacional-de-basquetbol-u-14-de-la-ademeba","status":"publish","type":"post","link":"https:\/\/elregionaldigital.info\/?p=3228","title":{"rendered":"Inauguran en la UAT el Campeonato Nacional de B\u00e1squetbol U-14 de la ADEMEBA"},"content":{"rendered":"\n<p><\/p>\n\n\n\n<p><\/p>\n\n\n\n<p>La Universidad Aut\u00f3noma de Tamaulipas (UAT) es sede del Primer Campeonato Nacional<br>de B\u00e1squetbol U-14 Varonil, un evento organizado por la Asociaci\u00f3n Deportiva Mexicana<br>de B\u00e1squetbol, A. C. (ADEMEBA).<br>Con la participaci\u00f3n de m\u00e1s de trescientos cincuenta j\u00f3venes jugadores y cincuenta<br>entrenadores que representan a los treinta y dos estados del pa\u00eds, el torneo fue<br>inaugurado por el rector de la UAT, MVZ D\u00e1maso Anaya Alvarado, en el Gimnasio Ol\u00edmpico<br>del Campus Tampico.<br>En su mensaje de apertura, dio una cordial bienvenida a los deportistas participantes,<br>subrayando el orgullo de ser anfitriones de este torneo que se posiciona como un evento<br>de gran relevancia en el plano nacional.<br>Dijo que la UAT se congratula de recibir en sus instalaciones a deportistas de todos<br>los estados de la Rep\u00fablica, luego de expresar sus mejores deseos de \u00e9xito a los<br>participantes y de que este sea un encuentro para la sana competencia y recreaci\u00f3n<br>deportiva de la juventud.<br>Este campeonato es la primera edici\u00f3n de car\u00e1cter nacional en la categor\u00eda U-14<br>Varonil, y se destaca como el torneo oficial con la mayor concentraci\u00f3n de equipos en un<br>solo evento en todo el pa\u00eds.<br>El objetivo principal es seleccionar a veinticinco jugadores que integrar\u00e1n la<br>Selecci\u00f3n Nacional que representar\u00e1 a M\u00e9xico en el pr\u00f3ximo Centro Basket U 15 en 2025,<br>cuya sede est\u00e1 por definirse.<br>El torneo se desarrolla del 8 al 11 de agosto en varias sedes, incluido el Gimnasio<br>Ol\u00edmpico de la UAT. La final del campeonato se disputar\u00e1 el 11 de agosto en las canchas<br>del campus universitario, donde se definir\u00e1 al equipo campe\u00f3n del torneo.<\/p>\n\n\n\n<p>En el pres\u00eddium se cont\u00f3 con la presencia del MVZ Rogelio de Jes\u00fas Ram\u00edrez Flores,<br>secretario de Vinculaci\u00f3n de la UAT; el Mtro. Modesto Robledo Robledo, presidente de la<br>ADEMEBA; Carlos Mario Mart\u00ednez del Solar, director de Competencias de dicha asociaci\u00f3n;<br>Omar Quintero Pereda, entrenador de la Selecci\u00f3n Nacional Varonil; y Jos\u00e9 Luis Ba\u00f1os,<br>director de Selecciones Juveniles Nacionales.<\/p>\n","protected":false},"excerpt":{"rendered":"<p>La Universidad Aut\u00f3noma de Tamaulipas (UAT) es sede del Primer Campeonato Nacionalde B\u00e1squetbol U-14 Varonil, un evento organizado por la Asociaci\u00f3n Deportiva Mexicanade B\u00e1squetbol, A. C. (ADEMEBA).Con la participaci\u00f3n de m\u00e1s de trescientos cincuenta j\u00f3venes jugadores y cincuentaentrenadores que representan a los treinta y dos estados del pa\u00eds, el torneo fueinaugurado por el rector de [&hellip;]<\/p>\n","protected":false},"author":1,"featured_media":3229,"comment_status":"open","ping_status":"open","sticky":false,"template":"","format":"standard","meta":{"footnotes":""},"categories":[6,4],"tags":[],"class_list":["post-3228","post","type-post","status-publish","format-standard","has-post-thumbnail","hentry","category-deportes","category-universidades"],"blog_post_layout_featured_media_urls":{"thumbnail":["https:\/\/elregionaldigital.info\/wp-content\/uploads\/2024\/08\/1-150x150.jpeg",150,150,true],"full":["https:\/\/elregionaldigital.info\/wp-content\/uploads\/2024\/08\/1.jpeg",1600,1066,false]},"categories_names":{"6":{"name":"Deportes","link":"https:\/\/elregionaldigital.info\/?cat=6"},"4":{"name":"Universidades","link":"https:\/\/elregionaldigital.info\/?cat=4"}},"tags_names":[],"comments_number":"0","wpmagazine_modules_lite_featured_media_urls":{"thumbnail":["https:\/\/elregionaldigital.info\/wp-content\/uploads\/2024\/08\/1-150x150.jpeg",150,150,true],"cvmm-medium":["https:\/\/elregionaldigital.info\/wp-content\/uploads\/2024\/08\/1-300x300.jpeg",300,300,true],"cvmm-medium-plus":["https:\/\/elregionaldigital.info\/wp-content\/uploads\/2024\/08\/1-305x207.jpeg",305,207,true],"cvmm-portrait":["https:\/\/elregionaldigital.info\/wp-content\/uploads\/2024\/08\/1-400x600.jpeg",400,600,true],"cvmm-medium-square":["https:\/\/elregionaldigital.info\/wp-content\/uploads\/2024\/08\/1-600x600.jpeg",600,600,true],"cvmm-large":["https:\/\/elregionaldigital.info\/wp-content\/uploads\/2024\/08\/1-1024x1024.jpeg",1024,1024,true],"cvmm-small":["https:\/\/elregionaldigital.info\/wp-content\/uploads\/2024\/08\/1-130x95.jpeg",130,95,true],"full":["https:\/\/elregionaldigital.info\/wp-content\/uploads\/2024\/08\/1.jpeg",1600,1066,false]},"_links":{"self":[{"href":"https:\/\/elregionaldigital.info\/index.php?rest_route=\/wp\/v2\/posts\/3228","targetHints":{"allow":["GET"]}}],"collection":[{"href":"https:\/\/elregionaldigital.info\/index.php?rest_route=\/wp\/v2\/posts"}],"about":[{"href":"https:\/\/elregionaldigital.info\/index.php?rest_route=\/wp\/v2\/types\/post"}],"author":[{"embeddable":true,"href":"https:\/\/elregionaldigital.info\/index.php?rest_route=\/wp\/v2\/users\/1"}],"replies":[{"embeddable":true,"href":"https:\/\/elregionaldigital.info\/index.php?rest_route=%2Fwp%2Fv2%2Fcomments&post=3228"}],"version-history":[{"count":1,"href":"https:\/\/elregionaldigital.info\/index.php?rest_route=\/wp\/v2\/posts\/3228\/revisions"}],"predecessor-version":[{"id":3230,"href":"https:\/\/elregionaldigital.info\/index.php?rest_route=\/wp\/v2\/posts\/3228\/revisions\/3230"}],"wp:featuredmedia":[{"embeddable":true,"href":"https:\/\/elregionaldigital.info\/index.php?rest_route=\/wp\/v2\/media\/3229"}],"wp:attachment":[{"href":"https:\/\/elregionaldigital.info\/index.php?rest_route=%2Fwp%2Fv2%2Fmedia&parent=3228"}],"wp:term":[{"taxonomy":"category","embeddable":true,"href":"https:\/\/elregionaldigital.info\/index.php?rest_route=%2Fwp%2Fv2%2Fcategories&post=3228"},{"taxonomy":"post_tag","embeddable":true,"href":"https:\/\/elregionaldigital.info\/index.php?rest_route=%2Fwp%2Fv2%2Ftags&post=3228"}],"curies":[{"name":"wp","href":"https:\/\/api.w.org\/{rel}","templated":true}]}}