{"id":3225,"date":"2024-08-09T17:00:22","date_gmt":"2024-08-09T17:00:22","guid":{"rendered":"https:\/\/elregionaldigital.info\/?p=3225"},"modified":"2024-08-12T17:00:48","modified_gmt":"2024-08-12T17:00:48","slug":"la-uat-y-la-concanaco-implementaran-programa-de-emprendimiento-universitario","status":"publish","type":"post","link":"https:\/\/elregionaldigital.info\/?p=3225","title":{"rendered":"La UAT y la CONCANACO implementar\u00e1n programa de emprendimiento universitario"},"content":{"rendered":"\n<p><\/p>\n\n\n\n<p>La Confederaci\u00f3n Nacional de C\u00e1maras de Comercio, Servicios y Turismo<br>(CONCANACO SERVYTUR) present\u00f3 a la Universidad Aut\u00f3noma de Tamaulipas<br>(UAT) su proyecto Nido Empresarial Universitario, orientado a fomentar el esp\u00edritu<br>emprendedor en la comunidad estudiantil.<br>En una sesi\u00f3n virtual, el rector de la UAT, MVZ D\u00e1maso Anaya Alvarado,<br>acompa\u00f1ado por el secretario de Finanzas, Mtro. Eduardo Garc\u00eda Fuentes, recibi\u00f3<br>la presentaci\u00f3n del programa por parte de directivos del organismo empresarial.<br>Durante el encuentro se detallaron los aspectos del proyecto y la<br>manera en que la UAT podr\u00eda integrarse, as\u00ed como los beneficios que ofrecer\u00eda a<br>sus estudiantes.<br>El Nido Empresarial Universitario tiene como objetivo proporcionar<br>herramientas y recursos para el desarrollo y crecimiento de nuevas empresas.<br>Incluye talleres interactivos y sesiones presenciales y en l\u00ednea sobre temas clave<br>como la generaci\u00f3n de ideas de negocio, elaboraci\u00f3n de planes efectivos,<br>estrategias de marketing y ventas, educaci\u00f3n financiera, aspectos legales y uso de<br>herramientas digitales. Adem\u00e1s, ofrece orientaci\u00f3n sobre c\u00f3mo acceder a cr\u00e9dito,<br>registrar marcas y elegir el r\u00e9gimen fiscal adecuado.<br>El rector D\u00e1maso Anaya subray\u00f3 la relevancia de contar con este<br>proyecto y apoyar a los j\u00f3venes en sus iniciativas, y dijo que es una valiosa<br>oportunidad para que adquieran habilidades pr\u00e1cticas y conocimientos que ser\u00e1n<br>fundamentales en su profesi\u00f3n.<\/p>\n\n\n\n<p>En la sesi\u00f3n interactiva se expuso un videomensaje del Dr. Octavio de la<br>Torre de St\u00e9ffano, presidente de la CONCANACO SERVYTUR, en el que destac\u00f3<\/p>\n\n\n\n<p>la importancia de contar con la colaboraci\u00f3n universitaria para impulsar el<br>emprendimiento juvenil y potenciar el impacto de los futuros empresarios en el<br>pa\u00eds.<br>Actualmente, se trabaja en la implementaci\u00f3n del proyecto con el objetivo de<br>afianzar los detalles mediante un convenio que formalice la colaboraci\u00f3n, con la<br>participaci\u00f3n a nivel local de la CANACO de Ciudad Victoria, para iniciar en el mes<br>de septiembre marcando el comienzo de una nueva etapa en el impulso del<br>emprendimiento entre los estudiantes de la UAT.<\/p>\n","protected":false},"excerpt":{"rendered":"<p>La Confederaci\u00f3n Nacional de C\u00e1maras de Comercio, Servicios y Turismo(CONCANACO SERVYTUR) present\u00f3 a la Universidad Aut\u00f3noma de Tamaulipas(UAT) su proyecto Nido Empresarial Universitario, orientado a fomentar el esp\u00edrituemprendedor en la comunidad estudiantil.En una sesi\u00f3n virtual, el rector de la UAT, MVZ D\u00e1maso Anaya Alvarado,acompa\u00f1ado por el secretario de Finanzas, Mtro. Eduardo Garc\u00eda Fuentes, recibi\u00f3la presentaci\u00f3n [&hellip;]<\/p>\n","protected":false},"author":1,"featured_media":3226,"comment_status":"open","ping_status":"open","sticky":false,"template":"","format":"standard","meta":{"footnotes":""},"categories":[4],"tags":[],"class_list":["post-3225","post","type-post","status-publish","format-standard","has-post-thumbnail","hentry","category-universidades"],"blog_post_layout_featured_media_urls":{"thumbnail":["https:\/\/elregionaldigital.info\/wp-content\/uploads\/2024\/08\/1-1-150x150.jpg",150,150,true],"full":["https:\/\/elregionaldigital.info\/wp-content\/uploads\/2024\/08\/1-1-scaled.jpg",2560,1707,false]},"categories_names":{"4":{"name":"Universidades","link":"https:\/\/elregionaldigital.info\/?cat=4"}},"tags_names":[],"comments_number":"0","wpmagazine_modules_lite_featured_media_urls":{"thumbnail":["https:\/\/elregionaldigital.info\/wp-content\/uploads\/2024\/08\/1-1-150x150.jpg",150,150,true],"cvmm-medium":["https:\/\/elregionaldigital.info\/wp-content\/uploads\/2024\/08\/1-1-300x300.jpg",300,300,true],"cvmm-medium-plus":["https:\/\/elregionaldigital.info\/wp-content\/uploads\/2024\/08\/1-1-305x207.jpg",305,207,true],"cvmm-portrait":["https:\/\/elregionaldigital.info\/wp-content\/uploads\/2024\/08\/1-1-400x600.jpg",400,600,true],"cvmm-medium-square":["https:\/\/elregionaldigital.info\/wp-content\/uploads\/2024\/08\/1-1-600x600.jpg",600,600,true],"cvmm-large":["https:\/\/elregionaldigital.info\/wp-content\/uploads\/2024\/08\/1-1-1024x1024.jpg",1024,1024,true],"cvmm-small":["https:\/\/elregionaldigital.info\/wp-content\/uploads\/2024\/08\/1-1-130x95.jpg",130,95,true],"full":["https:\/\/elregionaldigital.info\/wp-content\/uploads\/2024\/08\/1-1-scaled.jpg",2560,1707,false]},"_links":{"self":[{"href":"https:\/\/elregionaldigital.info\/index.php?rest_route=\/wp\/v2\/posts\/3225","targetHints":{"allow":["GET"]}}],"collection":[{"href":"https:\/\/elregionaldigital.info\/index.php?rest_route=\/wp\/v2\/posts"}],"about":[{"href":"https:\/\/elregionaldigital.info\/index.php?rest_route=\/wp\/v2\/types\/post"}],"author":[{"embeddable":true,"href":"https:\/\/elregionaldigital.info\/index.php?rest_route=\/wp\/v2\/users\/1"}],"replies":[{"embeddable":true,"href":"https:\/\/elregionaldigital.info\/index.php?rest_route=%2Fwp%2Fv2%2Fcomments&post=3225"}],"version-history":[{"count":1,"href":"https:\/\/elregionaldigital.info\/index.php?rest_route=\/wp\/v2\/posts\/3225\/revisions"}],"predecessor-version":[{"id":3227,"href":"https:\/\/elregionaldigital.info\/index.php?rest_route=\/wp\/v2\/posts\/3225\/revisions\/3227"}],"wp:featuredmedia":[{"embeddable":true,"href":"https:\/\/elregionaldigital.info\/index.php?rest_route=\/wp\/v2\/media\/3226"}],"wp:attachment":[{"href":"https:\/\/elregionaldigital.info\/index.php?rest_route=%2Fwp%2Fv2%2Fmedia&parent=3225"}],"wp:term":[{"taxonomy":"category","embeddable":true,"href":"https:\/\/elregionaldigital.info\/index.php?rest_route=%2Fwp%2Fv2%2Fcategories&post=3225"},{"taxonomy":"post_tag","embeddable":true,"href":"https:\/\/elregionaldigital.info\/index.php?rest_route=%2Fwp%2Fv2%2Ftags&post=3225"}],"curies":[{"name":"wp","href":"https:\/\/api.w.org\/{rel}","templated":true}]}}