{"id":3220,"date":"2024-08-08T03:21:21","date_gmt":"2024-08-08T03:21:21","guid":{"rendered":"https:\/\/elregionaldigital.info\/?p=3220"},"modified":"2024-08-09T03:21:54","modified_gmt":"2024-08-09T03:21:54","slug":"anuncia-la-uat-la-apertura-de-inscripciones-en-sus-centros-universitarios-de-idiomas","status":"publish","type":"post","link":"https:\/\/elregionaldigital.info\/?p=3220","title":{"rendered":"Anuncia la UAT la apertura de inscripciones en sus Centros Universitarios de Idiomas"},"content":{"rendered":"\n<p>La Universidad Aut\u00f3noma de Tamaulipas (UAT) anuncia la apertura de inscripciones para<br>los cursos que impartir\u00e1n sus Centros Universitarios de Idiomas de las ciudades de<br>Reynosa, Victoria y Tampico, que han sido programados para el periodo Oto\u00f1o 2024<br>ofreciendo una valiosa oportunidad a sus estudiantes y al p\u00fablico en general.<br>El Centro Universitario de Idiomas del Campus Victoria ofrece una amplia variedad<br>de cursos en distintas modalidades. Entre ellos se encuentran los de alem\u00e1n, franc\u00e9s e<br>ingl\u00e9s. Adem\u00e1s, proporciona cursos de preparaci\u00f3n para diversos ex\u00e1menes importantes,<br>como el examen institucional de ingl\u00e9s para el egreso de la licenciatura de la UAT,<br>disponible en l\u00ednea, el TOEFL ITP, el TKT, el TKT Young Learners, el B2 First y el TKT CLIL<br>Module.<br>De igual manera, el Centro Universitario de Idiomas de Reynosa presenta una<br>variada oferta de cursos de ingl\u00e9s, franc\u00e9s y japon\u00e9s, disponibles tanto en modalidad<br>presencial como en l\u00ednea.<br>Por otro lado, entre los cursos que ofrece el Centro Universitario de Idiomas del<br>Campus Tampico est\u00e1n los de ingl\u00e9s, con las opciones espec\u00edficas de enfoque en negocios<br>o turismo, as\u00ed como los de franc\u00e9s y alem\u00e1n. Adem\u00e1s, este centro ofrece cursos de<br>preparaci\u00f3n para importantes ex\u00e1menes de certificaci\u00f3n, como el TOEFL ITP y el TKT, as\u00ed<br>como el examen institucional de ingl\u00e9s para egreso de licenciatura.<br>El registro para los cursos de idiomas est\u00e1 abierto para aspirantes de nuevo ingreso<br>del 15 de julio al 30 de agosto, a trav\u00e9s de la p\u00e1gina web http:\/\/aspirantes.uat.edu.mx.<br>La inscripci\u00f3n de nuevo ingreso, tanto para universitarios como externos, se realizar\u00e1 del<br>26 al 30 de agosto. Para los alumnos actuales de la UAT, la reinscripci\u00f3n estar\u00e1 disponible<br>del 21 al 30 de agosto y para externos del 23 al 30 de agosto en la plataforma<\/p>\n\n\n\n<p>http:\/\/alumnos.uat.edu.mx.<br>Las clases se iniciar\u00e1n el s\u00e1bado 31 de agosto para los cursos de fin de semana y el 2<br>de septiembre para los cursos que se imparten de lunes a viernes.<br>Para obtener m\u00e1s informaci\u00f3n sobre inscripciones, costos y detalles de los cursos, se invita<br>a los interesados a visitar los perfiles oficiales de los diferentes Centros Universitarios de<br>Idiomas o consultar la p\u00e1gina web oficial de la Universidad en www.uat.edu.mx.<\/p>\n","protected":false},"excerpt":{"rendered":"<p>La Universidad Aut\u00f3noma de Tamaulipas (UAT) anuncia la apertura de inscripciones paralos cursos que impartir\u00e1n sus Centros Universitarios de Idiomas de las ciudades deReynosa, Victoria y Tampico, que han sido programados para el periodo Oto\u00f1o 2024ofreciendo una valiosa oportunidad a sus estudiantes y al p\u00fablico en general.El Centro Universitario de Idiomas del Campus Victoria ofrece [&hellip;]<\/p>\n","protected":false},"author":1,"featured_media":3221,"comment_status":"open","ping_status":"open","sticky":false,"template":"","format":"standard","meta":{"footnotes":""},"categories":[4],"tags":[],"class_list":["post-3220","post","type-post","status-publish","format-standard","has-post-thumbnail","hentry","category-universidades"],"blog_post_layout_featured_media_urls":{"thumbnail":["https:\/\/elregionaldigital.info\/wp-content\/uploads\/2024\/08\/1-3-150x150.jpg",150,150,true],"full":["https:\/\/elregionaldigital.info\/wp-content\/uploads\/2024\/08\/1-3.jpg",2550,1700,false]},"categories_names":{"4":{"name":"Universidades","link":"https:\/\/elregionaldigital.info\/?cat=4"}},"tags_names":[],"comments_number":"0","wpmagazine_modules_lite_featured_media_urls":{"thumbnail":["https:\/\/elregionaldigital.info\/wp-content\/uploads\/2024\/08\/1-3-150x150.jpg",150,150,true],"cvmm-medium":["https:\/\/elregionaldigital.info\/wp-content\/uploads\/2024\/08\/1-3-300x300.jpg",300,300,true],"cvmm-medium-plus":["https:\/\/elregionaldigital.info\/wp-content\/uploads\/2024\/08\/1-3-305x207.jpg",305,207,true],"cvmm-portrait":["https:\/\/elregionaldigital.info\/wp-content\/uploads\/2024\/08\/1-3-400x600.jpg",400,600,true],"cvmm-medium-square":["https:\/\/elregionaldigital.info\/wp-content\/uploads\/2024\/08\/1-3-600x600.jpg",600,600,true],"cvmm-large":["https:\/\/elregionaldigital.info\/wp-content\/uploads\/2024\/08\/1-3-1024x1024.jpg",1024,1024,true],"cvmm-small":["https:\/\/elregionaldigital.info\/wp-content\/uploads\/2024\/08\/1-3-130x95.jpg",130,95,true],"full":["https:\/\/elregionaldigital.info\/wp-content\/uploads\/2024\/08\/1-3.jpg",2550,1700,false]},"_links":{"self":[{"href":"https:\/\/elregionaldigital.info\/index.php?rest_route=\/wp\/v2\/posts\/3220","targetHints":{"allow":["GET"]}}],"collection":[{"href":"https:\/\/elregionaldigital.info\/index.php?rest_route=\/wp\/v2\/posts"}],"about":[{"href":"https:\/\/elregionaldigital.info\/index.php?rest_route=\/wp\/v2\/types\/post"}],"author":[{"embeddable":true,"href":"https:\/\/elregionaldigital.info\/index.php?rest_route=\/wp\/v2\/users\/1"}],"replies":[{"embeddable":true,"href":"https:\/\/elregionaldigital.info\/index.php?rest_route=%2Fwp%2Fv2%2Fcomments&post=3220"}],"version-history":[{"count":1,"href":"https:\/\/elregionaldigital.info\/index.php?rest_route=\/wp\/v2\/posts\/3220\/revisions"}],"predecessor-version":[{"id":3222,"href":"https:\/\/elregionaldigital.info\/index.php?rest_route=\/wp\/v2\/posts\/3220\/revisions\/3222"}],"wp:featuredmedia":[{"embeddable":true,"href":"https:\/\/elregionaldigital.info\/index.php?rest_route=\/wp\/v2\/media\/3221"}],"wp:attachment":[{"href":"https:\/\/elregionaldigital.info\/index.php?rest_route=%2Fwp%2Fv2%2Fmedia&parent=3220"}],"wp:term":[{"taxonomy":"category","embeddable":true,"href":"https:\/\/elregionaldigital.info\/index.php?rest_route=%2Fwp%2Fv2%2Fcategories&post=3220"},{"taxonomy":"post_tag","embeddable":true,"href":"https:\/\/elregionaldigital.info\/index.php?rest_route=%2Fwp%2Fv2%2Ftags&post=3220"}],"curies":[{"name":"wp","href":"https:\/\/api.w.org\/{rel}","templated":true}]}}