{"id":3204,"date":"2024-08-04T15:58:59","date_gmt":"2024-08-04T15:58:59","guid":{"rendered":"https:\/\/elregionaldigital.info\/?p=3204"},"modified":"2024-08-05T15:59:47","modified_gmt":"2024-08-05T15:59:47","slug":"reanuda-la-uat-actividad-administrativa-y-prepara-apertura-del-ciclo-escolar","status":"publish","type":"post","link":"https:\/\/elregionaldigital.info\/?p=3204","title":{"rendered":"Reanuda la UAT actividad administrativa y prepara apertura del ciclo escolar"},"content":{"rendered":"\n<p><\/p>\n\n\n\n<p>04 de AGOSTO de 2024<\/p>\n\n\n\n<p>La Universidad Aut\u00f3noma de Tamaulipas (UAT) se prepara para retomar sus<br>actividades acad\u00e9micas y administrativas correspondientes al ciclo escolar Oto\u00f1o<br>2024 despu\u00e9s del periodo vacacional de verano, que comprendi\u00f3 del 22 de julio al<br>2 de agosto de 2024.<br>Conforme al calendario escolar-administrativo oficial, el ciclo de verano<br>concluy\u00f3 con la finalizaci\u00f3n de las clases y actividades administrativas<br>programadas, incluida la aplicaci\u00f3n del examen de admisi\u00f3n EXANI II del<br>CENEVAL durante el mes de julio para los aspirantes a ingresar en el periodo<br>2024-3, tambi\u00e9n denominado periodo de oto\u00f1o.<br>A partir del lunes 5 de agosto de 2024, la UAT reanuda las inscripciones y<br>reinscripciones para el ciclo de oto\u00f1o 2024 (2024-3), con el inicio de clases<br>programado para el 19 de agosto.<br>El ciclo acad\u00e9mico se extender\u00e1 hasta el 6 de diciembre de 2024, ofreciendo<br>a los estudiantes la oportunidad de ajustar sus horarios durante la semana del 19<br>al 23 de agosto, periodo destinado para altas y bajas de materias.<br>La UAT invita a cada aspirante a mantenerse en contacto con la facultad,<br>unidad acad\u00e9mica o escuela de su inter\u00e9s para obtener la informaci\u00f3n necesaria<br>durante el proceso de inscripci\u00f3n, resolver sus dudas y estar atento a los anuncios<br>proporcionados por los planteles universitarios a trav\u00e9s de sus respectivos sitios<br>web y redes sociales.<br>Con el inicio de este ciclo escolar, la m\u00e1xima casa de estudios de Tamaulipas,<br>bajo el liderazgo del rector D\u00e1maso Anaya Alvarado, implementa un nuevo modelo<br>acad\u00e9mico bajo el Plan de Desarrollo Institucional 2024-2028 \u201cLa UAT se<br>Transforma\u201d.<\/p>\n\n\n\n<p>Este plan se presenta como un instrumento clave para alinear los objetivos<br>institucionales con las metas estatales y nacionales, promoviendo una formaci\u00f3n<br>integral humanista, el desarrollo de capital humano especializado, y la innovaci\u00f3n<br>educativa para fortalecer principios c\u00edvicos y morales.<br>La UAT reafirma su compromiso con la calidad educativa y el desarrollo<br>integral de sus estudiantes, invitando a consultar el calendario oficial y estar al<br>tanto de las fechas y eventos importantes en el portal oficial www.uat.edu.mx.<\/p>\n","protected":false},"excerpt":{"rendered":"<p>04 de AGOSTO de 2024 La Universidad Aut\u00f3noma de Tamaulipas (UAT) se prepara para retomar susactividades acad\u00e9micas y administrativas correspondientes al ciclo escolar Oto\u00f1o2024 despu\u00e9s del periodo vacacional de verano, que comprendi\u00f3 del 22 de julio al2 de agosto de 2024.Conforme al calendario escolar-administrativo oficial, el ciclo de veranoconcluy\u00f3 con la finalizaci\u00f3n de las clases [&hellip;]<\/p>\n","protected":false},"author":1,"featured_media":3205,"comment_status":"open","ping_status":"open","sticky":false,"template":"","format":"standard","meta":{"footnotes":""},"categories":[4],"tags":[],"class_list":["post-3204","post","type-post","status-publish","format-standard","has-post-thumbnail","hentry","category-universidades"],"blog_post_layout_featured_media_urls":{"thumbnail":["https:\/\/elregionaldigital.info\/wp-content\/uploads\/2024\/08\/1-6-150x150.jpg",150,150,true],"full":["https:\/\/elregionaldigital.info\/wp-content\/uploads\/2024\/08\/1-6-scaled.jpg",2560,1707,false]},"categories_names":{"4":{"name":"Universidades","link":"https:\/\/elregionaldigital.info\/?cat=4"}},"tags_names":[],"comments_number":"0","wpmagazine_modules_lite_featured_media_urls":{"thumbnail":["https:\/\/elregionaldigital.info\/wp-content\/uploads\/2024\/08\/1-6-150x150.jpg",150,150,true],"cvmm-medium":["https:\/\/elregionaldigital.info\/wp-content\/uploads\/2024\/08\/1-6-300x300.jpg",300,300,true],"cvmm-medium-plus":["https:\/\/elregionaldigital.info\/wp-content\/uploads\/2024\/08\/1-6-305x207.jpg",305,207,true],"cvmm-portrait":["https:\/\/elregionaldigital.info\/wp-content\/uploads\/2024\/08\/1-6-400x600.jpg",400,600,true],"cvmm-medium-square":["https:\/\/elregionaldigital.info\/wp-content\/uploads\/2024\/08\/1-6-600x600.jpg",600,600,true],"cvmm-large":["https:\/\/elregionaldigital.info\/wp-content\/uploads\/2024\/08\/1-6-1024x1024.jpg",1024,1024,true],"cvmm-small":["https:\/\/elregionaldigital.info\/wp-content\/uploads\/2024\/08\/1-6-130x95.jpg",130,95,true],"full":["https:\/\/elregionaldigital.info\/wp-content\/uploads\/2024\/08\/1-6-scaled.jpg",2560,1707,false]},"_links":{"self":[{"href":"https:\/\/elregionaldigital.info\/index.php?rest_route=\/wp\/v2\/posts\/3204","targetHints":{"allow":["GET"]}}],"collection":[{"href":"https:\/\/elregionaldigital.info\/index.php?rest_route=\/wp\/v2\/posts"}],"about":[{"href":"https:\/\/elregionaldigital.info\/index.php?rest_route=\/wp\/v2\/types\/post"}],"author":[{"embeddable":true,"href":"https:\/\/elregionaldigital.info\/index.php?rest_route=\/wp\/v2\/users\/1"}],"replies":[{"embeddable":true,"href":"https:\/\/elregionaldigital.info\/index.php?rest_route=%2Fwp%2Fv2%2Fcomments&post=3204"}],"version-history":[{"count":1,"href":"https:\/\/elregionaldigital.info\/index.php?rest_route=\/wp\/v2\/posts\/3204\/revisions"}],"predecessor-version":[{"id":3206,"href":"https:\/\/elregionaldigital.info\/index.php?rest_route=\/wp\/v2\/posts\/3204\/revisions\/3206"}],"wp:featuredmedia":[{"embeddable":true,"href":"https:\/\/elregionaldigital.info\/index.php?rest_route=\/wp\/v2\/media\/3205"}],"wp:attachment":[{"href":"https:\/\/elregionaldigital.info\/index.php?rest_route=%2Fwp%2Fv2%2Fmedia&parent=3204"}],"wp:term":[{"taxonomy":"category","embeddable":true,"href":"https:\/\/elregionaldigital.info\/index.php?rest_route=%2Fwp%2Fv2%2Fcategories&post=3204"},{"taxonomy":"post_tag","embeddable":true,"href":"https:\/\/elregionaldigital.info\/index.php?rest_route=%2Fwp%2Fv2%2Ftags&post=3204"}],"curies":[{"name":"wp","href":"https:\/\/api.w.org\/{rel}","templated":true}]}}