{"id":3192,"date":"2024-08-07T14:11:46","date_gmt":"2024-08-07T14:11:46","guid":{"rendered":"https:\/\/elregionaldigital.info\/?p=3192"},"modified":"2024-08-05T14:12:18","modified_gmt":"2024-08-05T14:12:18","slug":"epidemia-de-polio-en-gaza-pone-en-riesgo-a-paises-vecinos","status":"publish","type":"post","link":"https:\/\/elregionaldigital.info\/?p=3192","title":{"rendered":"Epidemia de polio en Gaza pone en riesgo a pa\u00edses vecinos"},"content":{"rendered":"\n<p><a href=\"https:\/\/laverdad.com.mx\/wp-content\/uploads\/2024\/08\/epidemia-polio.jpg\"><\/a><\/p>\n\n\n\n<p>Una zona del mundo ha visto agravarse su situaci\u00f3n con los contagios de polio, lo que podr\u00eda desencadenar una epidemia con el riesgo de extenderse a otros pa\u00edses. Actualmente, esta \u00e1rea se encuentra bajo ataques armados y se ubica en el Medio Oriente.<\/p>\n\n\n\n<p>El ministerio de Salud del gobierno de Ham\u00e1s para la franja de Gaza declar\u00f3 el territorio palestino \u201czona de epidemia de polio\u201d, acusando al ej\u00e9rcito israel\u00ed de haber destruido los centros de atenci\u00f3n, lo que seg\u00fan ellos provoc\u00f3 la reaparici\u00f3n del virus.<\/p>\n\n\n\n<p>La cepa CPV2 del virus fue detectada en muestras de aguas residuales obtenidas en la regi\u00f3n de Jan Yunis, en el sur de la franja de Gaza, y en las gobernaciones del centro del territorio palestino, indic\u00f3 el ministerio en un comunicado. La presencia del virus representa una amenaza para la salud de los habitantes de Gaza y de los pa\u00edses vecinos, adem\u00e1s de ser un rev\u00e9s para el programa mundial de erradicaci\u00f3n de la poliomelitis. No se ha precisado si se han detectado casos de polio en humanos en el territorio.<\/p>\n\n\n\n<p>La Organizaci\u00f3n Mundial de la Salud (OMS) expres\u00f3 gran preocupaci\u00f3n ante una posible epidemia en la franja de Gaza, que enfrenta una grave crisis sanitaria tras casi 10 meses de conflicto entre el grupo Ham\u00e1s y el ej\u00e9rcito israel\u00ed. El 16 de julio, laboratorios de lucha contra la poliomelitis aislaron el poliovirus de tipo 2, derivado de una cepa (PVDVc2), en seis muestras de aguas residuales en Deir al-Balah y Jan Yunis.<\/p>\n\n\n\n<p>Las aguas residuales estancadas, junto con la acumulaci\u00f3n de basura y escombros, crean un \u201cmedio ambiente propicio para la propagaci\u00f3n de diversas epidemias\u201d, denunci\u00f3 el ministerio de Salud, que pide el \u201ccese inmediato de la agresi\u00f3n israel\u00ed\u201d. Seg\u00fan la OMS, esta cepa estaba considerada erradicada desde 1999.<\/p>\n\n\n\n<p><\/p>\n","protected":false},"excerpt":{"rendered":"<p>Una zona del mundo ha visto agravarse su situaci\u00f3n con los contagios de polio, lo que podr\u00eda desencadenar una epidemia con el riesgo de extenderse a otros pa\u00edses. Actualmente, esta \u00e1rea se encuentra bajo ataques armados y se ubica en el Medio Oriente. El ministerio de Salud del gobierno de Ham\u00e1s para la franja de [&hellip;]<\/p>\n","protected":false},"author":1,"featured_media":3193,"comment_status":"open","ping_status":"open","sticky":false,"template":"","format":"standard","meta":{"footnotes":""},"categories":[11],"tags":[],"class_list":["post-3192","post","type-post","status-publish","format-standard","has-post-thumbnail","hentry","category-mundo"],"blog_post_layout_featured_media_urls":{"thumbnail":["https:\/\/elregionaldigital.info\/wp-content\/uploads\/2024\/08\/epidemia-polio-750x450-1-150x150.jpg",150,150,true],"full":["https:\/\/elregionaldigital.info\/wp-content\/uploads\/2024\/08\/epidemia-polio-750x450-1.jpg",750,450,false]},"categories_names":{"11":{"name":"Mundo","link":"https:\/\/elregionaldigital.info\/?cat=11"}},"tags_names":[],"comments_number":"0","wpmagazine_modules_lite_featured_media_urls":{"thumbnail":["https:\/\/elregionaldigital.info\/wp-content\/uploads\/2024\/08\/epidemia-polio-750x450-1-150x150.jpg",150,150,true],"cvmm-medium":["https:\/\/elregionaldigital.info\/wp-content\/uploads\/2024\/08\/epidemia-polio-750x450-1-300x300.jpg",300,300,true],"cvmm-medium-plus":["https:\/\/elregionaldigital.info\/wp-content\/uploads\/2024\/08\/epidemia-polio-750x450-1-305x207.jpg",305,207,true],"cvmm-portrait":["https:\/\/elregionaldigital.info\/wp-content\/uploads\/2024\/08\/epidemia-polio-750x450-1-400x450.jpg",400,450,true],"cvmm-medium-square":["https:\/\/elregionaldigital.info\/wp-content\/uploads\/2024\/08\/epidemia-polio-750x450-1-600x450.jpg",600,450,true],"cvmm-large":["https:\/\/elregionaldigital.info\/wp-content\/uploads\/2024\/08\/epidemia-polio-750x450-1.jpg",750,450,false],"cvmm-small":["https:\/\/elregionaldigital.info\/wp-content\/uploads\/2024\/08\/epidemia-polio-750x450-1-130x95.jpg",130,95,true],"full":["https:\/\/elregionaldigital.info\/wp-content\/uploads\/2024\/08\/epidemia-polio-750x450-1.jpg",750,450,false]},"_links":{"self":[{"href":"https:\/\/elregionaldigital.info\/index.php?rest_route=\/wp\/v2\/posts\/3192","targetHints":{"allow":["GET"]}}],"collection":[{"href":"https:\/\/elregionaldigital.info\/index.php?rest_route=\/wp\/v2\/posts"}],"about":[{"href":"https:\/\/elregionaldigital.info\/index.php?rest_route=\/wp\/v2\/types\/post"}],"author":[{"embeddable":true,"href":"https:\/\/elregionaldigital.info\/index.php?rest_route=\/wp\/v2\/users\/1"}],"replies":[{"embeddable":true,"href":"https:\/\/elregionaldigital.info\/index.php?rest_route=%2Fwp%2Fv2%2Fcomments&post=3192"}],"version-history":[{"count":1,"href":"https:\/\/elregionaldigital.info\/index.php?rest_route=\/wp\/v2\/posts\/3192\/revisions"}],"predecessor-version":[{"id":3194,"href":"https:\/\/elregionaldigital.info\/index.php?rest_route=\/wp\/v2\/posts\/3192\/revisions\/3194"}],"wp:featuredmedia":[{"embeddable":true,"href":"https:\/\/elregionaldigital.info\/index.php?rest_route=\/wp\/v2\/media\/3193"}],"wp:attachment":[{"href":"https:\/\/elregionaldigital.info\/index.php?rest_route=%2Fwp%2Fv2%2Fmedia&parent=3192"}],"wp:term":[{"taxonomy":"category","embeddable":true,"href":"https:\/\/elregionaldigital.info\/index.php?rest_route=%2Fwp%2Fv2%2Fcategories&post=3192"},{"taxonomy":"post_tag","embeddable":true,"href":"https:\/\/elregionaldigital.info\/index.php?rest_route=%2Fwp%2Fv2%2Ftags&post=3192"}],"curies":[{"name":"wp","href":"https:\/\/api.w.org\/{rel}","templated":true}]}}