{"id":3185,"date":"2024-08-05T14:07:59","date_gmt":"2024-08-05T14:07:59","guid":{"rendered":"https:\/\/elregionaldigital.info\/?p=3185"},"modified":"2024-08-05T14:08:00","modified_gmt":"2024-08-05T14:08:00","slug":"instala-sader-trampas-para-monitorear-y-alertar-sobre-plagas-en-zonas-citricolas-de-mexico","status":"publish","type":"post","link":"https:\/\/elregionaldigital.info\/?p=3185","title":{"rendered":"\u00a0Instala SADER trampas para monitorear y alertar sobre plagas en zonas citr\u00edcolas de M\u00e9xico"},"content":{"rendered":"\n<p>Con el fin de establecer una Red de Monitoreo en M\u00e9xico que ayude a los productores y t\u00e9cnicos agr\u00edcolas en la toma de decisiones sobre la presencia de plagas y vectores de pat\u00f3genos, la Secretar\u00eda de Agricultura y Desarrollo Rural trabaja en la instalaci\u00f3n de Trampas de Succi\u00f3n para el monitoreo de plagas de alta movilidad situadas en la zona citr\u00edcola de Yucat\u00e1n.<\/p>\n\n\n\n<p>Las Trampas de Succi\u00f3n, desarrolladas por el Instituto Nacional de Investigaciones Forestales, Agr\u00edcolas y Pecuarias (INIFAP), en conjunto con la Universidad Nacional Aut\u00f3noma de M\u00e9xico (UNAM), tienen como prop\u00f3sito capturar a los artr\u00f3podos que se transportan por el viento e identificarlos.<\/p>\n\n\n\n<p>El dispositivo posee en el interior un extractor de un caballo de fuerza que genera una corriente de viento inversa, a trav\u00e9s de una chimenea que captura a los artr\u00f3podos que viajan a 12 metros sobre el nivel del suelo. Los espec\u00edmenes atrapados son depositados en un frasco con alcohol a 96\u00b0 para su identificaci\u00f3n, conteo y almacenamiento a 4\u00b0C.<\/p>\n\n\n\n<p>Para cada periodo de muestreo se identifican los organismos de importancia para el grupo de investigaci\u00f3n y el resto se cuantifica y se almacena en alcohol a 70\u00b0 y cuatro grados cent\u00edgrados para su posible uso.<\/p>\n\n\n\n<p>Al mismo tiempo se monitorean las condiciones ambientales con una Estaci\u00f3n Meteorol\u00f3gica Automatizada (EMA), asociada a cada una de las trampas, con sensores de temperatura m\u00ednima y m\u00e1xima, presi\u00f3n barom\u00e9trica, precipitaci\u00f3n pluvial, direcci\u00f3n y velocidad de viento, radiaci\u00f3n solar y humedad relativa, a doce metros de altura.<\/p>\n\n\n\n<p>Esta tecnolog\u00eda recobr\u00f3 importancia para monitorear \u00e1fidos (pulgones) vectores del Citrus tristeza virus (CTV), debido a la primera detecci\u00f3n de razas severas en la regi\u00f3n a\u00f1os atr\u00e1s.<\/p>\n\n\n\n<p>La investigadora del Campo Experimental Mococh\u00e1 del INIFAP, Claudia Tania Lomas Barri\u00e9, explic\u00f3 que las primeras trampas se establecieron en Reino Unido en 1964, para que los productores pudieran realizar acciones preventivas en sus cultivos.<\/p>\n\n\n\n<p>En M\u00e9xico se adopt\u00f3 esta herramienta hasta 2017, a\u00f1o en que se traz\u00f3 y construy\u00f3 bajo lo que se denomina dise\u00f1o inverso, por los especialistas V\u00edctor Lomas Barri\u00e9, del Instituto de Investigaciones en Matem\u00e1ticas Aplicadas y Sistemas de la UNAM, y Emiliano Loeza Kuk, del Campo Experimental Mococh\u00e1 del INIFAP.<\/p>\n\n\n\n<p>La investigadora detall\u00f3 que se tuvo conocimiento de este sistema por una visita que se realiz\u00f3 a Rhotamsted Research, Inglaterra, y a partir de ello se dise\u00f1\u00f3 la trampa mexicana con la premisa de que deb\u00eda construirse in situ y utilizar materiales locales que fueran f\u00e1cilmente remplazables durante su mantenimiento.<\/p>\n\n\n\n<p>La primera Trampa de Succi\u00f3n, empez\u00f3 a funcionar en el 2017 en el Campo Experimental Mococh\u00e1, Yucat\u00e1n; la segunda en 2018, en el Campo Experimental Chetumal, Quintana Roo, que en el 2022 fue trasladada a la localidad de Pustunich en Ticul, Yucat\u00e1n, a partir de la detecci\u00f3n de razas severas en huertos citr\u00edcolas de Campeche.<\/p>\n\n\n\n<p>Esta \u00faltima recibe recurso para su mantenimiento por un proyecto de apoyo a la investigaci\u00f3n y tiene como fuente financiera al Comit\u00e9 Estatal de Sanidad Vegetal de Yucat\u00e1n (CESVY), organismo operativo del Servicio Nacional de Sanidad, Inocuidad y Calidad Agroalimentaria (Senasica).<\/p>\n\n\n\n<p>De esta manera, por m\u00e1s de seis a\u00f1os se ha realizado el monitoreo del comportamiento de los artr\u00f3podos en dos sitios diferentes, separados entre s\u00ed por 100 kil\u00f3metros lineales, y ha permitido detectar, con 15 d\u00edas de antelaci\u00f3n, la aparici\u00f3n de pulgones vectores del CTV, inform\u00f3 la investigadora.<\/p>\n","protected":false},"excerpt":{"rendered":"<p>Con el fin de establecer una Red de Monitoreo en M\u00e9xico que ayude a los productores y t\u00e9cnicos agr\u00edcolas en la toma de decisiones sobre la presencia de plagas y vectores de pat\u00f3genos, la Secretar\u00eda de Agricultura y Desarrollo Rural trabaja en la instalaci\u00f3n de Trampas de Succi\u00f3n para el monitoreo de plagas de alta [&hellip;]<\/p>\n","protected":false},"author":1,"featured_media":3186,"comment_status":"open","ping_status":"open","sticky":false,"template":"","format":"standard","meta":{"footnotes":""},"categories":[5],"tags":[],"class_list":["post-3185","post","type-post","status-publish","format-standard","has-post-thumbnail","hentry","category-nacional"],"blog_post_layout_featured_media_urls":{"thumbnail":["https:\/\/elregionaldigital.info\/wp-content\/uploads\/2024\/08\/3citri-750x500-1-150x150.webp",150,150,true],"full":["https:\/\/elregionaldigital.info\/wp-content\/uploads\/2024\/08\/3citri-750x500-1.webp",750,500,false]},"categories_names":{"5":{"name":"Nacional","link":"https:\/\/elregionaldigital.info\/?cat=5"}},"tags_names":[],"comments_number":"0","wpmagazine_modules_lite_featured_media_urls":{"thumbnail":["https:\/\/elregionaldigital.info\/wp-content\/uploads\/2024\/08\/3citri-750x500-1-150x150.webp",150,150,true],"cvmm-medium":["https:\/\/elregionaldigital.info\/wp-content\/uploads\/2024\/08\/3citri-750x500-1-300x300.webp",300,300,true],"cvmm-medium-plus":["https:\/\/elregionaldigital.info\/wp-content\/uploads\/2024\/08\/3citri-750x500-1-305x207.webp",305,207,true],"cvmm-portrait":["https:\/\/elregionaldigital.info\/wp-content\/uploads\/2024\/08\/3citri-750x500-1-400x500.webp",400,500,true],"cvmm-medium-square":["https:\/\/elregionaldigital.info\/wp-content\/uploads\/2024\/08\/3citri-750x500-1-600x500.webp",600,500,true],"cvmm-large":["https:\/\/elregionaldigital.info\/wp-content\/uploads\/2024\/08\/3citri-750x500-1.webp",750,500,false],"cvmm-small":["https:\/\/elregionaldigital.info\/wp-content\/uploads\/2024\/08\/3citri-750x500-1-130x95.webp",130,95,true],"full":["https:\/\/elregionaldigital.info\/wp-content\/uploads\/2024\/08\/3citri-750x500-1.webp",750,500,false]},"_links":{"self":[{"href":"https:\/\/elregionaldigital.info\/index.php?rest_route=\/wp\/v2\/posts\/3185","targetHints":{"allow":["GET"]}}],"collection":[{"href":"https:\/\/elregionaldigital.info\/index.php?rest_route=\/wp\/v2\/posts"}],"about":[{"href":"https:\/\/elregionaldigital.info\/index.php?rest_route=\/wp\/v2\/types\/post"}],"author":[{"embeddable":true,"href":"https:\/\/elregionaldigital.info\/index.php?rest_route=\/wp\/v2\/users\/1"}],"replies":[{"embeddable":true,"href":"https:\/\/elregionaldigital.info\/index.php?rest_route=%2Fwp%2Fv2%2Fcomments&post=3185"}],"version-history":[{"count":1,"href":"https:\/\/elregionaldigital.info\/index.php?rest_route=\/wp\/v2\/posts\/3185\/revisions"}],"predecessor-version":[{"id":3187,"href":"https:\/\/elregionaldigital.info\/index.php?rest_route=\/wp\/v2\/posts\/3185\/revisions\/3187"}],"wp:featuredmedia":[{"embeddable":true,"href":"https:\/\/elregionaldigital.info\/index.php?rest_route=\/wp\/v2\/media\/3186"}],"wp:attachment":[{"href":"https:\/\/elregionaldigital.info\/index.php?rest_route=%2Fwp%2Fv2%2Fmedia&parent=3185"}],"wp:term":[{"taxonomy":"category","embeddable":true,"href":"https:\/\/elregionaldigital.info\/index.php?rest_route=%2Fwp%2Fv2%2Fcategories&post=3185"},{"taxonomy":"post_tag","embeddable":true,"href":"https:\/\/elregionaldigital.info\/index.php?rest_route=%2Fwp%2Fv2%2Ftags&post=3185"}],"curies":[{"name":"wp","href":"https:\/\/api.w.org\/{rel}","templated":true}]}}