{"id":3176,"date":"2024-08-02T14:04:30","date_gmt":"2024-08-02T14:04:30","guid":{"rendered":"https:\/\/elregionaldigital.info\/?p=3176"},"modified":"2024-08-05T14:04:57","modified_gmt":"2024-08-05T14:04:57","slug":"simone-biles-suma-10-medallas-en-los-juegos-de-verano-en-paris","status":"publish","type":"post","link":"https:\/\/elregionaldigital.info\/?p=3176","title":{"rendered":"Simone Biles suma 10 medallas en los Juegos de Verano en Par\u00eds"},"content":{"rendered":"\n<p><a href=\"https:\/\/laverdad.com.mx\/wp-content\/uploads\/2024\/08\/3sim.webp\"><\/a><\/p>\n\n\n\n<p>La estadunidense Simone Biles es hist\u00f3rica. Gan\u00f3 la medalla de oro en el salto de potro de la Gimnasia Art\u00edstica de Par\u00eds en el Bercy Arena y, de paso, lleg\u00f3 a 10 preseas en los Juegos de Verano, siendo la tercera gimnasta m\u00e1s condecorada. Asimismo, sum\u00f3 su s\u00e9ptimo t\u00edtulo en estas justas y est\u00e1 a dos metales de la sovi\u00e9tica Larisa Latynina, quien lidera la tabla.<\/p>\n\n\n\n<p>M\u00e9xico ten\u00eda una esperanza para que participara Alexa Moreno, pero no fue as\u00ed, debido a que era gimnasta reserva, pero ninguna de las ocho clasificadas fue baja.<\/p>\n\n\n\n<p>Simone Biles ha generado gran expectaci\u00f3n y varias celebridades la siguen. Los casos de Tom Cruise, Zinedine Zidane, la modelo Kendall Jenner, la leyenda del tenis Serena Williams, Bill Gates, el director de cine Spike Lee, entre otros.<\/p>\n\n\n\n<p>Este s\u00e1bado 3 de agosto de 2024, la estadunidense fue recibida con gran j\u00fabilo en su entrada al Bercy Arena. En su calentamiento, sigui\u00f3 con el mismo tenor.<\/p>\n\n\n\n<p>Simone Biles fue la cuarta en salir a escena. Su primer salto fue con 6.4 grados de dificultad, sorprendente. Ella luci\u00f3 sonriente. Consigui\u00f3 15.700, tuvo una penalizaci\u00f3n de una d\u00e9cima.<\/p>\n\n\n\n<p>En su segundo salto tambi\u00e9n desat\u00f3 la ovaci\u00f3n en el Bercy Arena y consigui\u00f3 14.900 para un total de 15.300 y tomar el primer sitio.<\/p>\n\n\n\n<p>La brasile\u00f1a Rebeca Andrade tambi\u00e9n luci\u00f3 en el primer salto, logr\u00f3 15.100 y ten\u00eda que hacer un salto perfecto en el segundo (5.4 grados de dificultad), pero no le alcanz\u00f3 para desplazar a la estadunidense. Tuvo un acumulado de 14.966 para colgarse la medalla de plata; su tercera presea en los Juegos de Verano.<\/p>\n","protected":false},"excerpt":{"rendered":"<p>La estadunidense Simone Biles es hist\u00f3rica. Gan\u00f3 la medalla de oro en el salto de potro de la Gimnasia Art\u00edstica de Par\u00eds en el Bercy Arena y, de paso, lleg\u00f3 a 10 preseas en los Juegos de Verano, siendo la tercera gimnasta m\u00e1s condecorada. Asimismo, sum\u00f3 su s\u00e9ptimo t\u00edtulo en estas justas y est\u00e1 a [&hellip;]<\/p>\n","protected":false},"author":1,"featured_media":3177,"comment_status":"open","ping_status":"open","sticky":false,"template":"","format":"standard","meta":{"footnotes":""},"categories":[6],"tags":[],"class_list":["post-3176","post","type-post","status-publish","format-standard","has-post-thumbnail","hentry","category-deportes"],"blog_post_layout_featured_media_urls":{"thumbnail":["https:\/\/elregionaldigital.info\/wp-content\/uploads\/2024\/08\/3sim-750x563-1-150x150.webp",150,150,true],"full":["https:\/\/elregionaldigital.info\/wp-content\/uploads\/2024\/08\/3sim-750x563-1.webp",750,563,false]},"categories_names":{"6":{"name":"Deportes","link":"https:\/\/elregionaldigital.info\/?cat=6"}},"tags_names":[],"comments_number":"0","wpmagazine_modules_lite_featured_media_urls":{"thumbnail":["https:\/\/elregionaldigital.info\/wp-content\/uploads\/2024\/08\/3sim-750x563-1-150x150.webp",150,150,true],"cvmm-medium":["https:\/\/elregionaldigital.info\/wp-content\/uploads\/2024\/08\/3sim-750x563-1-300x300.webp",300,300,true],"cvmm-medium-plus":["https:\/\/elregionaldigital.info\/wp-content\/uploads\/2024\/08\/3sim-750x563-1-305x207.webp",305,207,true],"cvmm-portrait":["https:\/\/elregionaldigital.info\/wp-content\/uploads\/2024\/08\/3sim-750x563-1-400x563.webp",400,563,true],"cvmm-medium-square":["https:\/\/elregionaldigital.info\/wp-content\/uploads\/2024\/08\/3sim-750x563-1-600x563.webp",600,563,true],"cvmm-large":["https:\/\/elregionaldigital.info\/wp-content\/uploads\/2024\/08\/3sim-750x563-1.webp",750,563,false],"cvmm-small":["https:\/\/elregionaldigital.info\/wp-content\/uploads\/2024\/08\/3sim-750x563-1-130x95.webp",130,95,true],"full":["https:\/\/elregionaldigital.info\/wp-content\/uploads\/2024\/08\/3sim-750x563-1.webp",750,563,false]},"_links":{"self":[{"href":"https:\/\/elregionaldigital.info\/index.php?rest_route=\/wp\/v2\/posts\/3176","targetHints":{"allow":["GET"]}}],"collection":[{"href":"https:\/\/elregionaldigital.info\/index.php?rest_route=\/wp\/v2\/posts"}],"about":[{"href":"https:\/\/elregionaldigital.info\/index.php?rest_route=\/wp\/v2\/types\/post"}],"author":[{"embeddable":true,"href":"https:\/\/elregionaldigital.info\/index.php?rest_route=\/wp\/v2\/users\/1"}],"replies":[{"embeddable":true,"href":"https:\/\/elregionaldigital.info\/index.php?rest_route=%2Fwp%2Fv2%2Fcomments&post=3176"}],"version-history":[{"count":1,"href":"https:\/\/elregionaldigital.info\/index.php?rest_route=\/wp\/v2\/posts\/3176\/revisions"}],"predecessor-version":[{"id":3178,"href":"https:\/\/elregionaldigital.info\/index.php?rest_route=\/wp\/v2\/posts\/3176\/revisions\/3178"}],"wp:featuredmedia":[{"embeddable":true,"href":"https:\/\/elregionaldigital.info\/index.php?rest_route=\/wp\/v2\/media\/3177"}],"wp:attachment":[{"href":"https:\/\/elregionaldigital.info\/index.php?rest_route=%2Fwp%2Fv2%2Fmedia&parent=3176"}],"wp:term":[{"taxonomy":"category","embeddable":true,"href":"https:\/\/elregionaldigital.info\/index.php?rest_route=%2Fwp%2Fv2%2Fcategories&post=3176"},{"taxonomy":"post_tag","embeddable":true,"href":"https:\/\/elregionaldigital.info\/index.php?rest_route=%2Fwp%2Fv2%2Ftags&post=3176"}],"curies":[{"name":"wp","href":"https:\/\/api.w.org\/{rel}","templated":true}]}}