{"id":3173,"date":"2024-08-01T14:02:39","date_gmt":"2024-08-01T14:02:39","guid":{"rendered":"https:\/\/elregionaldigital.info\/?p=3173"},"modified":"2024-08-05T14:03:23","modified_gmt":"2024-08-05T14:03:23","slug":"presa-marte-r-gomez-de-tamaulipas-al-92-1-de-su-capacidad","status":"publish","type":"post","link":"https:\/\/elregionaldigital.info\/?p=3173","title":{"rendered":"Presa \u201cMarte R. G\u00f3mez\u201d de Tamaulipas al 92.1%; de su capacidad"},"content":{"rendered":"\n<p>La presa \u201cMarte R. G\u00f3mez\u201d Ubicada en el municipio de Camargo, Tamaulipas, que almacena aguas de la cuenca del r\u00edo San Juan, registra un almacenamiento al 1 de agosto de 725.11 millones de metros c\u00fabicos de agua, equivalentes al 92.1% de su capacidad \u00fatil estimada en 787.71% millones de metros c\u00fabicos.<\/p>\n\n\n\n<p>As\u00ed lo establece el reporte de la Direcci\u00f3n T\u00e9cnica del Organismo de la Cuenca Golfo Norte de la Comisi\u00f3n Nacional del Agua, entregado a la Uni\u00f3n Agr\u00edcola regional del Norte de Tamaulipas.<\/p>\n\n\n\n<p>Cabe se\u00f1alar que la presa Marte R. G\u00f3mez ha recibido aguas derivadas de la presa \u201cEl Cuchillo\u201d ubicada en Nuevo Le\u00f3n, que tambi\u00e9n capta aguas del rio San Juan para abastecer de agua potable a Monterrey y su zona metropolitana.<\/p>\n\n\n\n<p>Existen acuerdo de la Comisi\u00f3n Nacional del Agua para mantener el nivel de las presas para asegurar el abasto para consumo humano, adem\u00e1s de brindar el agua para el riego en el norte de Tamaulipas.<\/p>\n\n\n\n<p>Con las aguas de esas presas se irrigan 76 mil hect\u00e1reas del Distrito de Riego 026 Bajo R\u00edo San Juan, que para tres riegos completos necesita de 550 millones de metros c\u00fabicos de acuerdo a datos de los productores, de tal forma que el riego para el ciclo oto\u00f1o-invierno 2024-2025, est\u00e1 asegurado.<\/p>\n","protected":false},"excerpt":{"rendered":"<p>La presa \u201cMarte R. G\u00f3mez\u201d Ubicada en el municipio de Camargo, Tamaulipas, que almacena aguas de la cuenca del r\u00edo San Juan, registra un almacenamiento al 1 de agosto de 725.11 millones de metros c\u00fabicos de agua, equivalentes al 92.1% de su capacidad \u00fatil estimada en 787.71% millones de metros c\u00fabicos. As\u00ed lo establece el [&hellip;]<\/p>\n","protected":false},"author":1,"featured_media":3174,"comment_status":"open","ping_status":"open","sticky":false,"template":"","format":"standard","meta":{"footnotes":""},"categories":[2],"tags":[],"class_list":["post-3173","post","type-post","status-publish","format-standard","has-post-thumbnail","hentry","category-tamaulipas"],"blog_post_layout_featured_media_urls":{"thumbnail":["https:\/\/elregionaldigital.info\/wp-content\/uploads\/2024\/08\/2presa-750x422-1-150x150.jpeg",150,150,true],"full":["https:\/\/elregionaldigital.info\/wp-content\/uploads\/2024\/08\/2presa-750x422-1.jpeg",750,422,false]},"categories_names":{"2":{"name":"Tamaulipas","link":"https:\/\/elregionaldigital.info\/?cat=2"}},"tags_names":[],"comments_number":"0","wpmagazine_modules_lite_featured_media_urls":{"thumbnail":["https:\/\/elregionaldigital.info\/wp-content\/uploads\/2024\/08\/2presa-750x422-1-150x150.jpeg",150,150,true],"cvmm-medium":["https:\/\/elregionaldigital.info\/wp-content\/uploads\/2024\/08\/2presa-750x422-1-300x300.jpeg",300,300,true],"cvmm-medium-plus":["https:\/\/elregionaldigital.info\/wp-content\/uploads\/2024\/08\/2presa-750x422-1-305x207.jpeg",305,207,true],"cvmm-portrait":["https:\/\/elregionaldigital.info\/wp-content\/uploads\/2024\/08\/2presa-750x422-1-400x422.jpeg",400,422,true],"cvmm-medium-square":["https:\/\/elregionaldigital.info\/wp-content\/uploads\/2024\/08\/2presa-750x422-1-600x422.jpeg",600,422,true],"cvmm-large":["https:\/\/elregionaldigital.info\/wp-content\/uploads\/2024\/08\/2presa-750x422-1.jpeg",750,422,false],"cvmm-small":["https:\/\/elregionaldigital.info\/wp-content\/uploads\/2024\/08\/2presa-750x422-1-130x95.jpeg",130,95,true],"full":["https:\/\/elregionaldigital.info\/wp-content\/uploads\/2024\/08\/2presa-750x422-1.jpeg",750,422,false]},"_links":{"self":[{"href":"https:\/\/elregionaldigital.info\/index.php?rest_route=\/wp\/v2\/posts\/3173","targetHints":{"allow":["GET"]}}],"collection":[{"href":"https:\/\/elregionaldigital.info\/index.php?rest_route=\/wp\/v2\/posts"}],"about":[{"href":"https:\/\/elregionaldigital.info\/index.php?rest_route=\/wp\/v2\/types\/post"}],"author":[{"embeddable":true,"href":"https:\/\/elregionaldigital.info\/index.php?rest_route=\/wp\/v2\/users\/1"}],"replies":[{"embeddable":true,"href":"https:\/\/elregionaldigital.info\/index.php?rest_route=%2Fwp%2Fv2%2Fcomments&post=3173"}],"version-history":[{"count":1,"href":"https:\/\/elregionaldigital.info\/index.php?rest_route=\/wp\/v2\/posts\/3173\/revisions"}],"predecessor-version":[{"id":3175,"href":"https:\/\/elregionaldigital.info\/index.php?rest_route=\/wp\/v2\/posts\/3173\/revisions\/3175"}],"wp:featuredmedia":[{"embeddable":true,"href":"https:\/\/elregionaldigital.info\/index.php?rest_route=\/wp\/v2\/media\/3174"}],"wp:attachment":[{"href":"https:\/\/elregionaldigital.info\/index.php?rest_route=%2Fwp%2Fv2%2Fmedia&parent=3173"}],"wp:term":[{"taxonomy":"category","embeddable":true,"href":"https:\/\/elregionaldigital.info\/index.php?rest_route=%2Fwp%2Fv2%2Fcategories&post=3173"},{"taxonomy":"post_tag","embeddable":true,"href":"https:\/\/elregionaldigital.info\/index.php?rest_route=%2Fwp%2Fv2%2Ftags&post=3173"}],"curies":[{"name":"wp","href":"https:\/\/api.w.org\/{rel}","templated":true}]}}