{"id":3160,"date":"2024-07-28T13:55:00","date_gmt":"2024-07-28T13:55:00","guid":{"rendered":"https:\/\/elregionaldigital.info\/?p=3160"},"modified":"2024-08-05T13:56:18","modified_gmt":"2024-08-05T13:56:18","slug":"kimberly-salazar-representara-a-tamaulipas-en-paris-2024","status":"publish","type":"post","link":"https:\/\/elregionaldigital.info\/?p=3160","title":{"rendered":"Kimberly Salazar representar\u00e1 a Tamaulipas en Par\u00eds 2024"},"content":{"rendered":"\n<p>El pr\u00f3ximo 9 de agosto, Kimberly Salazar L\u00f3pez, originaria de Xalapa y practicante de Gimnasia R\u00edtmica, llevar\u00e1 el nombre de Tampico y Tamaulipas a los Juegos Ol\u00edmpicos de Par\u00eds 2024.<br>Salazar L\u00f3pez, quien recientemente gan\u00f3 la medalla de plata en los Juegos Panamericanos de Santiago 2023 con el equipo nacional dirigido por Blajaith Aguilar, ha logrado un hito hist\u00f3rico al obtener el pase a los Juegos Ol\u00edmpicos en esta disciplina por primera vez en la historia del pa\u00eds.<br>Desde su inicio en las escuelas municipales de Xalapa a los 6 a\u00f1os, Kimberly fue descubierta por la Escuela Municipal de Tampico, donde su talento fue pulido gracias al apoyo de sus entrenadoras y de la Asociaci\u00f3n Estatal.<br>Ahora, con el respaldo de la Federaci\u00f3n, se prepara para ser una pieza clave en la representaci\u00f3n mexicana en los pr\u00f3ximos Juegos Ol\u00edmpicos.<br>Salazar L\u00f3pez se une a la destacada lista de deportistas tamaulipecos que llevan el orgullo de la regi\u00f3n a nivel internacional.<\/p>\n","protected":false},"excerpt":{"rendered":"<p>El pr\u00f3ximo 9 de agosto, Kimberly Salazar L\u00f3pez, originaria de Xalapa y practicante de Gimnasia R\u00edtmica, llevar\u00e1 el nombre de Tampico y Tamaulipas a los Juegos Ol\u00edmpicos de Par\u00eds 2024.Salazar L\u00f3pez, quien recientemente gan\u00f3 la medalla de plata en los Juegos Panamericanos de Santiago 2023 con el equipo nacional dirigido por Blajaith Aguilar, ha logrado [&hellip;]<\/p>\n","protected":false},"author":1,"featured_media":3161,"comment_status":"open","ping_status":"open","sticky":false,"template":"","format":"standard","meta":{"footnotes":""},"categories":[6],"tags":[],"class_list":["post-3160","post","type-post","status-publish","format-standard","has-post-thumbnail","hentry","category-deportes"],"blog_post_layout_featured_media_urls":{"thumbnail":["https:\/\/elregionaldigital.info\/wp-content\/uploads\/2024\/08\/WhatsApp-Image-2024-07-29-at-18.29.08-800x445-1-150x150.jpeg",150,150,true],"full":["https:\/\/elregionaldigital.info\/wp-content\/uploads\/2024\/08\/WhatsApp-Image-2024-07-29-at-18.29.08-800x445-1.jpeg",800,445,false]},"categories_names":{"6":{"name":"Deportes","link":"https:\/\/elregionaldigital.info\/?cat=6"}},"tags_names":[],"comments_number":"0","wpmagazine_modules_lite_featured_media_urls":{"thumbnail":["https:\/\/elregionaldigital.info\/wp-content\/uploads\/2024\/08\/WhatsApp-Image-2024-07-29-at-18.29.08-800x445-1-150x150.jpeg",150,150,true],"cvmm-medium":["https:\/\/elregionaldigital.info\/wp-content\/uploads\/2024\/08\/WhatsApp-Image-2024-07-29-at-18.29.08-800x445-1-300x300.jpeg",300,300,true],"cvmm-medium-plus":["https:\/\/elregionaldigital.info\/wp-content\/uploads\/2024\/08\/WhatsApp-Image-2024-07-29-at-18.29.08-800x445-1-305x207.jpeg",305,207,true],"cvmm-portrait":["https:\/\/elregionaldigital.info\/wp-content\/uploads\/2024\/08\/WhatsApp-Image-2024-07-29-at-18.29.08-800x445-1-400x445.jpeg",400,445,true],"cvmm-medium-square":["https:\/\/elregionaldigital.info\/wp-content\/uploads\/2024\/08\/WhatsApp-Image-2024-07-29-at-18.29.08-800x445-1-600x445.jpeg",600,445,true],"cvmm-large":["https:\/\/elregionaldigital.info\/wp-content\/uploads\/2024\/08\/WhatsApp-Image-2024-07-29-at-18.29.08-800x445-1.jpeg",800,445,false],"cvmm-small":["https:\/\/elregionaldigital.info\/wp-content\/uploads\/2024\/08\/WhatsApp-Image-2024-07-29-at-18.29.08-800x445-1-130x95.jpeg",130,95,true],"full":["https:\/\/elregionaldigital.info\/wp-content\/uploads\/2024\/08\/WhatsApp-Image-2024-07-29-at-18.29.08-800x445-1.jpeg",800,445,false]},"_links":{"self":[{"href":"https:\/\/elregionaldigital.info\/index.php?rest_route=\/wp\/v2\/posts\/3160","targetHints":{"allow":["GET"]}}],"collection":[{"href":"https:\/\/elregionaldigital.info\/index.php?rest_route=\/wp\/v2\/posts"}],"about":[{"href":"https:\/\/elregionaldigital.info\/index.php?rest_route=\/wp\/v2\/types\/post"}],"author":[{"embeddable":true,"href":"https:\/\/elregionaldigital.info\/index.php?rest_route=\/wp\/v2\/users\/1"}],"replies":[{"embeddable":true,"href":"https:\/\/elregionaldigital.info\/index.php?rest_route=%2Fwp%2Fv2%2Fcomments&post=3160"}],"version-history":[{"count":1,"href":"https:\/\/elregionaldigital.info\/index.php?rest_route=\/wp\/v2\/posts\/3160\/revisions"}],"predecessor-version":[{"id":3162,"href":"https:\/\/elregionaldigital.info\/index.php?rest_route=\/wp\/v2\/posts\/3160\/revisions\/3162"}],"wp:featuredmedia":[{"embeddable":true,"href":"https:\/\/elregionaldigital.info\/index.php?rest_route=\/wp\/v2\/media\/3161"}],"wp:attachment":[{"href":"https:\/\/elregionaldigital.info\/index.php?rest_route=%2Fwp%2Fv2%2Fmedia&parent=3160"}],"wp:term":[{"taxonomy":"category","embeddable":true,"href":"https:\/\/elregionaldigital.info\/index.php?rest_route=%2Fwp%2Fv2%2Fcategories&post=3160"},{"taxonomy":"post_tag","embeddable":true,"href":"https:\/\/elregionaldigital.info\/index.php?rest_route=%2Fwp%2Fv2%2Ftags&post=3160"}],"curies":[{"name":"wp","href":"https:\/\/api.w.org\/{rel}","templated":true}]}}