{"id":3154,"date":"2024-07-26T13:52:36","date_gmt":"2024-07-26T13:52:36","guid":{"rendered":"https:\/\/elregionaldigital.info\/?p=3154"},"modified":"2024-08-05T13:53:04","modified_gmt":"2024-08-05T13:53:04","slug":"captura-de-el-mayo-y-el-chapito-avance-en-combate-al-narco-lopez-obrador","status":"publish","type":"post","link":"https:\/\/elregionaldigital.info\/?p=3154","title":{"rendered":"Captura de \u2018El Mayo\u2019 y \u2018El Chapito\u2019, avance en combate al narco: L\u00f3pez Obrador"},"content":{"rendered":"\n<p><a href=\"https:\/\/laverdad.com.mx\/wp-content\/uploads\/2024\/07\/26amlo.jpg\"><\/a><\/p>\n\n\n\n<p>El presidente Andr\u00e9s Manuel L\u00f3pez Obrador calific\u00f3 como un \u201cavance al combate al narcotr\u00e1fico\u201d la detenci\u00f3n de Ismael El Mayo Zambada Garc\u00eda y de Joaqu\u00edn Guzm\u00e1n L\u00f3pez en un aeropuerto de Texas, en Estados Unidos.<\/p>\n\n\n\n<p>Durante su conferencia matutina en Palacio Nacional, el mandatario explic\u00f3 que su gobierno trabaja en conjunto con Estados Unidos, aunque en este caso no haya participado en la detenci\u00f3n de los miembros del c\u00e1rtel de Sinaloa.<\/p>\n\n\n\n<p>\u201cYo creo que es una muestra de que existe un trabajo conjunto aun cuando en este caso en espec\u00edfico no haya participado ni la Secretar\u00eda de la Defensa, ni la Marina.<\/p>\n\n\n\n<p>\u201cPero que \u00e9l haya tomado la decisi\u00f3n de entregarse o correr el riesgo de ir a Estados Unidos y haya sido capturado, significa un avance en el combate al narcotr\u00e1fico\u201d, expres\u00f3 el presidente.<\/p>\n\n\n\n<p>L\u00f3pez Obrador expuso que el problema del consumo de drogas en Estados Unidos es muy alto, pero la detenci\u00f3n de ambos representa un avance en el combate a los grupos de la delincuencia organizada.<\/p>\n\n\n\n<p>\u201cEl hecho de que en Estados Unidos se est\u00e9 viviendo una crisis por el consumo de drogas, y como es de conocimiento de muchos, este grupo se dedica a elaborar droga para introducirla a Estados Unidos, esa es la denuncia que se tiene de hace muchos a\u00f1os, y que se haya detenido es un avance.<\/p>\n\n\n\n<p>El jefe del Ejecutivo Federal insisti\u00f3 en que El Mayo y El Chapito fueron detenidos en la Uni\u00f3n Americana y no en territorio mexicano.<\/p>\n","protected":false},"excerpt":{"rendered":"<p>El presidente Andr\u00e9s Manuel L\u00f3pez Obrador calific\u00f3 como un \u201cavance al combate al narcotr\u00e1fico\u201d la detenci\u00f3n de Ismael El Mayo Zambada Garc\u00eda y de Joaqu\u00edn Guzm\u00e1n L\u00f3pez en un aeropuerto de Texas, en Estados Unidos. Durante su conferencia matutina en Palacio Nacional, el mandatario explic\u00f3 que su gobierno trabaja en conjunto con Estados Unidos, aunque [&hellip;]<\/p>\n","protected":false},"author":1,"featured_media":3155,"comment_status":"open","ping_status":"open","sticky":false,"template":"","format":"standard","meta":{"footnotes":""},"categories":[5],"tags":[],"class_list":["post-3154","post","type-post","status-publish","format-standard","has-post-thumbnail","hentry","category-nacional"],"blog_post_layout_featured_media_urls":{"thumbnail":["https:\/\/elregionaldigital.info\/wp-content\/uploads\/2024\/08\/26amlo-750x499-1-150x150.jpg",150,150,true],"full":["https:\/\/elregionaldigital.info\/wp-content\/uploads\/2024\/08\/26amlo-750x499-1.jpg",750,499,false]},"categories_names":{"5":{"name":"Nacional","link":"https:\/\/elregionaldigital.info\/?cat=5"}},"tags_names":[],"comments_number":"0","wpmagazine_modules_lite_featured_media_urls":{"thumbnail":["https:\/\/elregionaldigital.info\/wp-content\/uploads\/2024\/08\/26amlo-750x499-1-150x150.jpg",150,150,true],"cvmm-medium":["https:\/\/elregionaldigital.info\/wp-content\/uploads\/2024\/08\/26amlo-750x499-1-300x300.jpg",300,300,true],"cvmm-medium-plus":["https:\/\/elregionaldigital.info\/wp-content\/uploads\/2024\/08\/26amlo-750x499-1-305x207.jpg",305,207,true],"cvmm-portrait":["https:\/\/elregionaldigital.info\/wp-content\/uploads\/2024\/08\/26amlo-750x499-1-400x499.jpg",400,499,true],"cvmm-medium-square":["https:\/\/elregionaldigital.info\/wp-content\/uploads\/2024\/08\/26amlo-750x499-1-600x499.jpg",600,499,true],"cvmm-large":["https:\/\/elregionaldigital.info\/wp-content\/uploads\/2024\/08\/26amlo-750x499-1.jpg",750,499,false],"cvmm-small":["https:\/\/elregionaldigital.info\/wp-content\/uploads\/2024\/08\/26amlo-750x499-1-130x95.jpg",130,95,true],"full":["https:\/\/elregionaldigital.info\/wp-content\/uploads\/2024\/08\/26amlo-750x499-1.jpg",750,499,false]},"_links":{"self":[{"href":"https:\/\/elregionaldigital.info\/index.php?rest_route=\/wp\/v2\/posts\/3154","targetHints":{"allow":["GET"]}}],"collection":[{"href":"https:\/\/elregionaldigital.info\/index.php?rest_route=\/wp\/v2\/posts"}],"about":[{"href":"https:\/\/elregionaldigital.info\/index.php?rest_route=\/wp\/v2\/types\/post"}],"author":[{"embeddable":true,"href":"https:\/\/elregionaldigital.info\/index.php?rest_route=\/wp\/v2\/users\/1"}],"replies":[{"embeddable":true,"href":"https:\/\/elregionaldigital.info\/index.php?rest_route=%2Fwp%2Fv2%2Fcomments&post=3154"}],"version-history":[{"count":1,"href":"https:\/\/elregionaldigital.info\/index.php?rest_route=\/wp\/v2\/posts\/3154\/revisions"}],"predecessor-version":[{"id":3156,"href":"https:\/\/elregionaldigital.info\/index.php?rest_route=\/wp\/v2\/posts\/3154\/revisions\/3156"}],"wp:featuredmedia":[{"embeddable":true,"href":"https:\/\/elregionaldigital.info\/index.php?rest_route=\/wp\/v2\/media\/3155"}],"wp:attachment":[{"href":"https:\/\/elregionaldigital.info\/index.php?rest_route=%2Fwp%2Fv2%2Fmedia&parent=3154"}],"wp:term":[{"taxonomy":"category","embeddable":true,"href":"https:\/\/elregionaldigital.info\/index.php?rest_route=%2Fwp%2Fv2%2Fcategories&post=3154"},{"taxonomy":"post_tag","embeddable":true,"href":"https:\/\/elregionaldigital.info\/index.php?rest_route=%2Fwp%2Fv2%2Ftags&post=3154"}],"curies":[{"name":"wp","href":"https:\/\/api.w.org\/{rel}","templated":true}]}}