{"id":3148,"date":"2024-07-25T13:50:32","date_gmt":"2024-07-25T13:50:32","guid":{"rendered":"https:\/\/elregionaldigital.info\/?p=3148"},"modified":"2024-08-05T13:50:59","modified_gmt":"2024-08-05T13:50:59","slug":"este-viernes-inician-las-olimpiadas","status":"publish","type":"post","link":"https:\/\/elregionaldigital.info\/?p=3148","title":{"rendered":"Este viernes inician las Olimpiadas"},"content":{"rendered":"\n<p><\/p>\n\n\n\n<p>Los Juegos Ol\u00edmpicos de Par\u00eds 2024 se perfilan como un evento sin precedentes que marcar\u00e1 un hito en la historia de las competiciones ol\u00edmpicas. La ceremonia de inauguraci\u00f3n est\u00e1 programada para el viernes 26 de julio de 2024 a las 11:30 horas, tiempo del centro de M\u00e9xico, y concluir\u00e1 a las 15:30 horas.<\/p>\n\n\n\n<p>En un giro innovador, por primera vez, la inauguraci\u00f3n no se realizar\u00e1 en un estadio, sino a lo largo del r\u00edo Sena en Par\u00eds, donde los atletas desfilar\u00e1n en barcos, ofreciendo un espect\u00e1culo visualmente impresionante para millones de espectadores alrededor del mundo.<\/p>\n\n\n\n<p>Las competencias dar\u00e1n inicio el mi\u00e9rcoles 24 de julio de 2024, comenzando con partidos de f\u00fatbol, rugby, balonmano y tiro con arco. Para los interesados en seguir la acci\u00f3n, las ceremonias de apertura, clausura y las competencias m\u00e1s destacadas, especialmente aquellas con participaci\u00f3n de atletas mexicanos, podr\u00e1n verse de manera gratuita a trav\u00e9s del canal de YouTube de Claro Sports.<\/p>\n\n\n\n<p>Adem\u00e1s, las transmisiones estar\u00e1n disponibles en distintos canales de televisi\u00f3n abierta en M\u00e9xico, asegurando que nadie se pierda este evento hist\u00f3rico.<\/p>\n","protected":false},"excerpt":{"rendered":"<p>Los Juegos Ol\u00edmpicos de Par\u00eds 2024 se perfilan como un evento sin precedentes que marcar\u00e1 un hito en la historia de las competiciones ol\u00edmpicas. La ceremonia de inauguraci\u00f3n est\u00e1 programada para el viernes 26 de julio de 2024 a las 11:30 horas, tiempo del centro de M\u00e9xico, y concluir\u00e1 a las 15:30 horas. En un [&hellip;]<\/p>\n","protected":false},"author":1,"featured_media":3149,"comment_status":"open","ping_status":"open","sticky":false,"template":"","format":"standard","meta":{"footnotes":""},"categories":[11],"tags":[],"class_list":["post-3148","post","type-post","status-publish","format-standard","has-post-thumbnail","hentry","category-mundo"],"blog_post_layout_featured_media_urls":{"thumbnail":["https:\/\/elregionaldigital.info\/wp-content\/uploads\/2024\/08\/4742FC38-8DC3-44ED-8FEE-89EB3C1C0B1B-800x445-1-150x150.jpeg",150,150,true],"full":["https:\/\/elregionaldigital.info\/wp-content\/uploads\/2024\/08\/4742FC38-8DC3-44ED-8FEE-89EB3C1C0B1B-800x445-1.jpeg",800,445,false]},"categories_names":{"11":{"name":"Mundo","link":"https:\/\/elregionaldigital.info\/?cat=11"}},"tags_names":[],"comments_number":"0","wpmagazine_modules_lite_featured_media_urls":{"thumbnail":["https:\/\/elregionaldigital.info\/wp-content\/uploads\/2024\/08\/4742FC38-8DC3-44ED-8FEE-89EB3C1C0B1B-800x445-1-150x150.jpeg",150,150,true],"cvmm-medium":["https:\/\/elregionaldigital.info\/wp-content\/uploads\/2024\/08\/4742FC38-8DC3-44ED-8FEE-89EB3C1C0B1B-800x445-1-300x300.jpeg",300,300,true],"cvmm-medium-plus":["https:\/\/elregionaldigital.info\/wp-content\/uploads\/2024\/08\/4742FC38-8DC3-44ED-8FEE-89EB3C1C0B1B-800x445-1-305x207.jpeg",305,207,true],"cvmm-portrait":["https:\/\/elregionaldigital.info\/wp-content\/uploads\/2024\/08\/4742FC38-8DC3-44ED-8FEE-89EB3C1C0B1B-800x445-1-400x445.jpeg",400,445,true],"cvmm-medium-square":["https:\/\/elregionaldigital.info\/wp-content\/uploads\/2024\/08\/4742FC38-8DC3-44ED-8FEE-89EB3C1C0B1B-800x445-1-600x445.jpeg",600,445,true],"cvmm-large":["https:\/\/elregionaldigital.info\/wp-content\/uploads\/2024\/08\/4742FC38-8DC3-44ED-8FEE-89EB3C1C0B1B-800x445-1.jpeg",800,445,false],"cvmm-small":["https:\/\/elregionaldigital.info\/wp-content\/uploads\/2024\/08\/4742FC38-8DC3-44ED-8FEE-89EB3C1C0B1B-800x445-1-130x95.jpeg",130,95,true],"full":["https:\/\/elregionaldigital.info\/wp-content\/uploads\/2024\/08\/4742FC38-8DC3-44ED-8FEE-89EB3C1C0B1B-800x445-1.jpeg",800,445,false]},"_links":{"self":[{"href":"https:\/\/elregionaldigital.info\/index.php?rest_route=\/wp\/v2\/posts\/3148","targetHints":{"allow":["GET"]}}],"collection":[{"href":"https:\/\/elregionaldigital.info\/index.php?rest_route=\/wp\/v2\/posts"}],"about":[{"href":"https:\/\/elregionaldigital.info\/index.php?rest_route=\/wp\/v2\/types\/post"}],"author":[{"embeddable":true,"href":"https:\/\/elregionaldigital.info\/index.php?rest_route=\/wp\/v2\/users\/1"}],"replies":[{"embeddable":true,"href":"https:\/\/elregionaldigital.info\/index.php?rest_route=%2Fwp%2Fv2%2Fcomments&post=3148"}],"version-history":[{"count":1,"href":"https:\/\/elregionaldigital.info\/index.php?rest_route=\/wp\/v2\/posts\/3148\/revisions"}],"predecessor-version":[{"id":3150,"href":"https:\/\/elregionaldigital.info\/index.php?rest_route=\/wp\/v2\/posts\/3148\/revisions\/3150"}],"wp:featuredmedia":[{"embeddable":true,"href":"https:\/\/elregionaldigital.info\/index.php?rest_route=\/wp\/v2\/media\/3149"}],"wp:attachment":[{"href":"https:\/\/elregionaldigital.info\/index.php?rest_route=%2Fwp%2Fv2%2Fmedia&parent=3148"}],"wp:term":[{"taxonomy":"category","embeddable":true,"href":"https:\/\/elregionaldigital.info\/index.php?rest_route=%2Fwp%2Fv2%2Fcategories&post=3148"},{"taxonomy":"post_tag","embeddable":true,"href":"https:\/\/elregionaldigital.info\/index.php?rest_route=%2Fwp%2Fv2%2Ftags&post=3148"}],"curies":[{"name":"wp","href":"https:\/\/api.w.org\/{rel}","templated":true}]}}