{"id":3139,"date":"2024-07-22T13:46:10","date_gmt":"2024-07-22T13:46:10","guid":{"rendered":"https:\/\/elregionaldigital.info\/?p=3139"},"modified":"2024-08-05T13:46:47","modified_gmt":"2024-08-05T13:46:47","slug":"tamaulipas-registra-263-vasos-de-dengue-el-60-afecta-a-menores","status":"publish","type":"post","link":"https:\/\/elregionaldigital.info\/?p=3139","title":{"rendered":"Tamaulipas registra 263 vasos de Dengue; El 60% afecta a menores"},"content":{"rendered":"\n<p>En Tamaulipas actualmente est\u00e1n confirmados 263 casos de dengue, de los cuales el 60% afecta a menores de edad y j\u00f3venes de hasta 20 a\u00f1os, confirmaron autoridades de Salud.<br>Se explic\u00f3 que, a pesar del incremento en la poblaci\u00f3n de mosquitos tras las lluvias, el n\u00famero de casos ha mostrado una leve disminuci\u00f3n en comparaci\u00f3n con el mes anterior.<br>La mayor\u00eda de los afectados son menores y j\u00f3venes, debido a que muchos adultos pueden haber desarrollado inmunidad en el pasado.<br>Por este motivo, al regreso de clases, las autoridades de Salud se reunir\u00e1n con autoridades escolares para intensificar las medidas de limpieza en patios y escuelas.<br>Adem\u00e1s, se est\u00e1 investigando la muerte de una menor en Valle Hermoso, quien ten\u00eda m\u00faltiples complicaciones de salud, incluida otitis y encefalitis, para determinar si el dengue contribuy\u00f3 a su fallecimiento.<\/p>\n","protected":false},"excerpt":{"rendered":"<p>En Tamaulipas actualmente est\u00e1n confirmados 263 casos de dengue, de los cuales el 60% afecta a menores de edad y j\u00f3venes de hasta 20 a\u00f1os, confirmaron autoridades de Salud.Se explic\u00f3 que, a pesar del incremento en la poblaci\u00f3n de mosquitos tras las lluvias, el n\u00famero de casos ha mostrado una leve disminuci\u00f3n en comparaci\u00f3n con [&hellip;]<\/p>\n","protected":false},"author":1,"featured_media":3140,"comment_status":"open","ping_status":"open","sticky":false,"template":"","format":"standard","meta":{"footnotes":""},"categories":[2],"tags":[],"class_list":["post-3139","post","type-post","status-publish","format-standard","has-post-thumbnail","hentry","category-tamaulipas"],"blog_post_layout_featured_media_urls":{"thumbnail":["https:\/\/elregionaldigital.info\/wp-content\/uploads\/2024\/08\/WhatsApp-Image-2024-07-30-at-02.00.32-800x445-1-150x150.jpeg",150,150,true],"full":["https:\/\/elregionaldigital.info\/wp-content\/uploads\/2024\/08\/WhatsApp-Image-2024-07-30-at-02.00.32-800x445-1.jpeg",800,445,false]},"categories_names":{"2":{"name":"Tamaulipas","link":"https:\/\/elregionaldigital.info\/?cat=2"}},"tags_names":[],"comments_number":"0","wpmagazine_modules_lite_featured_media_urls":{"thumbnail":["https:\/\/elregionaldigital.info\/wp-content\/uploads\/2024\/08\/WhatsApp-Image-2024-07-30-at-02.00.32-800x445-1-150x150.jpeg",150,150,true],"cvmm-medium":["https:\/\/elregionaldigital.info\/wp-content\/uploads\/2024\/08\/WhatsApp-Image-2024-07-30-at-02.00.32-800x445-1-300x300.jpeg",300,300,true],"cvmm-medium-plus":["https:\/\/elregionaldigital.info\/wp-content\/uploads\/2024\/08\/WhatsApp-Image-2024-07-30-at-02.00.32-800x445-1-305x207.jpeg",305,207,true],"cvmm-portrait":["https:\/\/elregionaldigital.info\/wp-content\/uploads\/2024\/08\/WhatsApp-Image-2024-07-30-at-02.00.32-800x445-1-400x445.jpeg",400,445,true],"cvmm-medium-square":["https:\/\/elregionaldigital.info\/wp-content\/uploads\/2024\/08\/WhatsApp-Image-2024-07-30-at-02.00.32-800x445-1-600x445.jpeg",600,445,true],"cvmm-large":["https:\/\/elregionaldigital.info\/wp-content\/uploads\/2024\/08\/WhatsApp-Image-2024-07-30-at-02.00.32-800x445-1.jpeg",800,445,false],"cvmm-small":["https:\/\/elregionaldigital.info\/wp-content\/uploads\/2024\/08\/WhatsApp-Image-2024-07-30-at-02.00.32-800x445-1-130x95.jpeg",130,95,true],"full":["https:\/\/elregionaldigital.info\/wp-content\/uploads\/2024\/08\/WhatsApp-Image-2024-07-30-at-02.00.32-800x445-1.jpeg",800,445,false]},"_links":{"self":[{"href":"https:\/\/elregionaldigital.info\/index.php?rest_route=\/wp\/v2\/posts\/3139","targetHints":{"allow":["GET"]}}],"collection":[{"href":"https:\/\/elregionaldigital.info\/index.php?rest_route=\/wp\/v2\/posts"}],"about":[{"href":"https:\/\/elregionaldigital.info\/index.php?rest_route=\/wp\/v2\/types\/post"}],"author":[{"embeddable":true,"href":"https:\/\/elregionaldigital.info\/index.php?rest_route=\/wp\/v2\/users\/1"}],"replies":[{"embeddable":true,"href":"https:\/\/elregionaldigital.info\/index.php?rest_route=%2Fwp%2Fv2%2Fcomments&post=3139"}],"version-history":[{"count":1,"href":"https:\/\/elregionaldigital.info\/index.php?rest_route=\/wp\/v2\/posts\/3139\/revisions"}],"predecessor-version":[{"id":3141,"href":"https:\/\/elregionaldigital.info\/index.php?rest_route=\/wp\/v2\/posts\/3139\/revisions\/3141"}],"wp:featuredmedia":[{"embeddable":true,"href":"https:\/\/elregionaldigital.info\/index.php?rest_route=\/wp\/v2\/media\/3140"}],"wp:attachment":[{"href":"https:\/\/elregionaldigital.info\/index.php?rest_route=%2Fwp%2Fv2%2Fmedia&parent=3139"}],"wp:term":[{"taxonomy":"category","embeddable":true,"href":"https:\/\/elregionaldigital.info\/index.php?rest_route=%2Fwp%2Fv2%2Fcategories&post=3139"},{"taxonomy":"post_tag","embeddable":true,"href":"https:\/\/elregionaldigital.info\/index.php?rest_route=%2Fwp%2Fv2%2Ftags&post=3139"}],"curies":[{"name":"wp","href":"https:\/\/api.w.org\/{rel}","templated":true}]}}