{"id":3127,"date":"2024-07-18T13:39:29","date_gmt":"2024-07-18T13:39:29","guid":{"rendered":"https:\/\/elregionaldigital.info\/?p=3127"},"modified":"2024-08-05T13:39:56","modified_gmt":"2024-08-05T13:39:56","slug":"clausura-del-torneo-infantil-jovenes-de-mexico","status":"publish","type":"post","link":"https:\/\/elregionaldigital.info\/?p=3127","title":{"rendered":"Clausura del Torneo Infantil \u201cJ\u00f3venes de M\u00e9xico\u201d"},"content":{"rendered":"\n<p>Se llev\u00f3 a cabo la clausura del Torneo Infantil \u201cJ\u00f3venes de M\u00e9xico\u201d en las instalaciones del Centro de Formaci\u00f3n de F\u00fatbol (CEFUT), ubicado en el Libramiento Naciones Unidas cruce con Eje Vial; evento, coordinado por Erika Garza Enr\u00edquez y el entrenador Uriel Rivera, adem\u00e1s se cont\u00f3 con todo el apoyo de la Confederaci\u00f3n Joven de M\u00e9xico (CJM).<\/p>\n\n\n\n<p>Durante la ceremonia de clausura, se destacaron los logros de los participantes, quienes demostraron talento, dedicaci\u00f3n y esp\u00edritu deportivo a lo largo del torneo. \u201cEste evento no solo promueve el f\u00fatbol, sino que tambi\u00e9n inculca valores de trabajo en equipo y disciplina entre nuestros j\u00f3venes\u201d, se\u00f1al\u00f3 Erika Garza Enr\u00edquez.<\/p>\n\n\n\n<p>Uriel Rivera, coordinador y entrenador del torneo, agradeci\u00f3 el compromiso y esfuerzo de todos los equipos, as\u00ed como el apoyo incondicional de los padres y la comunidad. \u201cVer el entusiasmo y la pasi\u00f3n de estos ni\u00f1os es una recompensa inigualable\u201d, coment\u00f3 Rivera. El torneo culmin\u00f3 con la entrega de trofeos y reconocimientos a los equipos ganadores.<\/p>\n","protected":false},"excerpt":{"rendered":"<p>Se llev\u00f3 a cabo la clausura del Torneo Infantil \u201cJ\u00f3venes de M\u00e9xico\u201d en las instalaciones del Centro de Formaci\u00f3n de F\u00fatbol (CEFUT), ubicado en el Libramiento Naciones Unidas cruce con Eje Vial; evento, coordinado por Erika Garza Enr\u00edquez y el entrenador Uriel Rivera, adem\u00e1s se cont\u00f3 con todo el apoyo de la Confederaci\u00f3n Joven de [&hellip;]<\/p>\n","protected":false},"author":1,"featured_media":3128,"comment_status":"open","ping_status":"open","sticky":false,"template":"","format":"standard","meta":{"footnotes":""},"categories":[6],"tags":[],"class_list":["post-3127","post","type-post","status-publish","format-standard","has-post-thumbnail","hentry","category-deportes"],"blog_post_layout_featured_media_urls":{"thumbnail":["https:\/\/elregionaldigital.info\/wp-content\/uploads\/2024\/08\/WhatsApp-Image-2024-07-15-at-11.28.03-AM-800x445-1-150x150.jpeg",150,150,true],"full":["https:\/\/elregionaldigital.info\/wp-content\/uploads\/2024\/08\/WhatsApp-Image-2024-07-15-at-11.28.03-AM-800x445-1.jpeg",800,445,false]},"categories_names":{"6":{"name":"Deportes","link":"https:\/\/elregionaldigital.info\/?cat=6"}},"tags_names":[],"comments_number":"0","wpmagazine_modules_lite_featured_media_urls":{"thumbnail":["https:\/\/elregionaldigital.info\/wp-content\/uploads\/2024\/08\/WhatsApp-Image-2024-07-15-at-11.28.03-AM-800x445-1-150x150.jpeg",150,150,true],"cvmm-medium":["https:\/\/elregionaldigital.info\/wp-content\/uploads\/2024\/08\/WhatsApp-Image-2024-07-15-at-11.28.03-AM-800x445-1-300x300.jpeg",300,300,true],"cvmm-medium-plus":["https:\/\/elregionaldigital.info\/wp-content\/uploads\/2024\/08\/WhatsApp-Image-2024-07-15-at-11.28.03-AM-800x445-1-305x207.jpeg",305,207,true],"cvmm-portrait":["https:\/\/elregionaldigital.info\/wp-content\/uploads\/2024\/08\/WhatsApp-Image-2024-07-15-at-11.28.03-AM-800x445-1-400x445.jpeg",400,445,true],"cvmm-medium-square":["https:\/\/elregionaldigital.info\/wp-content\/uploads\/2024\/08\/WhatsApp-Image-2024-07-15-at-11.28.03-AM-800x445-1-600x445.jpeg",600,445,true],"cvmm-large":["https:\/\/elregionaldigital.info\/wp-content\/uploads\/2024\/08\/WhatsApp-Image-2024-07-15-at-11.28.03-AM-800x445-1.jpeg",800,445,false],"cvmm-small":["https:\/\/elregionaldigital.info\/wp-content\/uploads\/2024\/08\/WhatsApp-Image-2024-07-15-at-11.28.03-AM-800x445-1-130x95.jpeg",130,95,true],"full":["https:\/\/elregionaldigital.info\/wp-content\/uploads\/2024\/08\/WhatsApp-Image-2024-07-15-at-11.28.03-AM-800x445-1.jpeg",800,445,false]},"_links":{"self":[{"href":"https:\/\/elregionaldigital.info\/index.php?rest_route=\/wp\/v2\/posts\/3127","targetHints":{"allow":["GET"]}}],"collection":[{"href":"https:\/\/elregionaldigital.info\/index.php?rest_route=\/wp\/v2\/posts"}],"about":[{"href":"https:\/\/elregionaldigital.info\/index.php?rest_route=\/wp\/v2\/types\/post"}],"author":[{"embeddable":true,"href":"https:\/\/elregionaldigital.info\/index.php?rest_route=\/wp\/v2\/users\/1"}],"replies":[{"embeddable":true,"href":"https:\/\/elregionaldigital.info\/index.php?rest_route=%2Fwp%2Fv2%2Fcomments&post=3127"}],"version-history":[{"count":1,"href":"https:\/\/elregionaldigital.info\/index.php?rest_route=\/wp\/v2\/posts\/3127\/revisions"}],"predecessor-version":[{"id":3129,"href":"https:\/\/elregionaldigital.info\/index.php?rest_route=\/wp\/v2\/posts\/3127\/revisions\/3129"}],"wp:featuredmedia":[{"embeddable":true,"href":"https:\/\/elregionaldigital.info\/index.php?rest_route=\/wp\/v2\/media\/3128"}],"wp:attachment":[{"href":"https:\/\/elregionaldigital.info\/index.php?rest_route=%2Fwp%2Fv2%2Fmedia&parent=3127"}],"wp:term":[{"taxonomy":"category","embeddable":true,"href":"https:\/\/elregionaldigital.info\/index.php?rest_route=%2Fwp%2Fv2%2Fcategories&post=3127"},{"taxonomy":"post_tag","embeddable":true,"href":"https:\/\/elregionaldigital.info\/index.php?rest_route=%2Fwp%2Fv2%2Ftags&post=3127"}],"curies":[{"name":"wp","href":"https:\/\/api.w.org\/{rel}","templated":true}]}}