{"id":3118,"date":"2024-07-16T13:34:21","date_gmt":"2024-07-16T13:34:21","guid":{"rendered":"https:\/\/elregionaldigital.info\/?p=3118"},"modified":"2024-08-05T13:34:47","modified_gmt":"2024-08-05T13:34:47","slug":"vuelve-sandra-bullock-su-retorno-tras-un-descanso-familiar","status":"publish","type":"post","link":"https:\/\/elregionaldigital.info\/?p=3118","title":{"rendered":"Vuelve Sandra Bullock: su retorno tras un descanso familiar"},"content":{"rendered":"\n<p><a href=\"https:\/\/laverdad.com.mx\/wp-content\/uploads\/2024\/08\/sandrabullock.jpg\"><\/a><\/p>\n\n\n\n<p>Sandra Bullock est\u00e1 lista para volver y ya se prepara para regresar a trabajar despu\u00e9s de tomarse un descanso de dos a\u00f1os para estar con su familia, formada por sus dos hijos, Louis, de 14 a\u00f1os, y Layla, de 11, y cuidar de su fallecida pareja Bryan Randall, quien muri\u00f3 hace casi un a\u00f1o tras una corta batalla contra la esclerosis lateral amiotr\u00f3fica.<\/p>\n\n\n\n<p>Una fuente cercana a la actriz revel\u00f3 a la edici\u00f3n de esta semana de US Weekly que Sandra est\u00e1 preparando su regreso a la vida p\u00fablica de manera gradual. \u201cEst\u00e1 regresando poco a poco a la vida p\u00fablica. Est\u00e1 entusiasmada con lo que le depara el futuro y est\u00e1 lista para volver al juego\u201d, afirm\u00f3.<\/p>\n\n\n\n<p>Otra fuente destac\u00f3 que la estrella de \u2018Ciudad Perdida\u2019 soport\u00f3 uno de los \u201cmomentos m\u00e1s duros\u201d de su vida tras la muerte de su pareja y necesitaba un tiempo de descanso. \u201cSandra necesitaba el descanso para estar con su familia y Bryan\u201d, explic\u00f3.<\/p>\n\n\n\n<p>Anteriormente, durante una aparici\u00f3n en el programa de Jada Pinkett-Smith, \u2018Red Table Talk\u2019, en 2021, la actriz asegur\u00f3 que Bryan era el \u201camor de su vida\u201d y habl\u00f3 de su falta de urgencia por casarse. \u201cCompartimos dos hijos preciosos, tres ni\u00f1os, su hija mayor Skylar, de 30 a\u00f1os. Es lo mejor que hay. No necesito un papel para ser una pareja devota\u2026 No necesito que me digan que capee el temporal con un buen hombre. Es el ejemplo que me gustar\u00eda que tuvieran mis hijos\u201d, expres\u00f3 Bullock.<\/p>\n\n\n\n<p>Con su retorno a la vida p\u00fablica, sus seguidores esperan con ansias los nuevos proyectos de una de las actrices m\u00e1s queridas de Hollywood.<\/p>\n","protected":false},"excerpt":{"rendered":"<p>Sandra Bullock est\u00e1 lista para volver y ya se prepara para regresar a trabajar despu\u00e9s de tomarse un descanso de dos a\u00f1os para estar con su familia, formada por sus dos hijos, Louis, de 14 a\u00f1os, y Layla, de 11, y cuidar de su fallecida pareja Bryan Randall, quien muri\u00f3 hace casi un a\u00f1o tras [&hellip;]<\/p>\n","protected":false},"author":1,"featured_media":3119,"comment_status":"open","ping_status":"open","sticky":false,"template":"","format":"standard","meta":{"footnotes":""},"categories":[3],"tags":[],"class_list":["post-3118","post","type-post","status-publish","format-standard","has-post-thumbnail","hentry","category-entretenimiento"],"blog_post_layout_featured_media_urls":{"thumbnail":["https:\/\/elregionaldigital.info\/wp-content\/uploads\/2024\/08\/sandrabullock-750x450-1-150x150.jpg",150,150,true],"full":["https:\/\/elregionaldigital.info\/wp-content\/uploads\/2024\/08\/sandrabullock-750x450-1.jpg",750,450,false]},"categories_names":{"3":{"name":"Entretenimiento","link":"https:\/\/elregionaldigital.info\/?cat=3"}},"tags_names":[],"comments_number":"0","wpmagazine_modules_lite_featured_media_urls":{"thumbnail":["https:\/\/elregionaldigital.info\/wp-content\/uploads\/2024\/08\/sandrabullock-750x450-1-150x150.jpg",150,150,true],"cvmm-medium":["https:\/\/elregionaldigital.info\/wp-content\/uploads\/2024\/08\/sandrabullock-750x450-1-300x300.jpg",300,300,true],"cvmm-medium-plus":["https:\/\/elregionaldigital.info\/wp-content\/uploads\/2024\/08\/sandrabullock-750x450-1-305x207.jpg",305,207,true],"cvmm-portrait":["https:\/\/elregionaldigital.info\/wp-content\/uploads\/2024\/08\/sandrabullock-750x450-1-400x450.jpg",400,450,true],"cvmm-medium-square":["https:\/\/elregionaldigital.info\/wp-content\/uploads\/2024\/08\/sandrabullock-750x450-1-600x450.jpg",600,450,true],"cvmm-large":["https:\/\/elregionaldigital.info\/wp-content\/uploads\/2024\/08\/sandrabullock-750x450-1.jpg",750,450,false],"cvmm-small":["https:\/\/elregionaldigital.info\/wp-content\/uploads\/2024\/08\/sandrabullock-750x450-1-130x95.jpg",130,95,true],"full":["https:\/\/elregionaldigital.info\/wp-content\/uploads\/2024\/08\/sandrabullock-750x450-1.jpg",750,450,false]},"_links":{"self":[{"href":"https:\/\/elregionaldigital.info\/index.php?rest_route=\/wp\/v2\/posts\/3118","targetHints":{"allow":["GET"]}}],"collection":[{"href":"https:\/\/elregionaldigital.info\/index.php?rest_route=\/wp\/v2\/posts"}],"about":[{"href":"https:\/\/elregionaldigital.info\/index.php?rest_route=\/wp\/v2\/types\/post"}],"author":[{"embeddable":true,"href":"https:\/\/elregionaldigital.info\/index.php?rest_route=\/wp\/v2\/users\/1"}],"replies":[{"embeddable":true,"href":"https:\/\/elregionaldigital.info\/index.php?rest_route=%2Fwp%2Fv2%2Fcomments&post=3118"}],"version-history":[{"count":1,"href":"https:\/\/elregionaldigital.info\/index.php?rest_route=\/wp\/v2\/posts\/3118\/revisions"}],"predecessor-version":[{"id":3120,"href":"https:\/\/elregionaldigital.info\/index.php?rest_route=\/wp\/v2\/posts\/3118\/revisions\/3120"}],"wp:featuredmedia":[{"embeddable":true,"href":"https:\/\/elregionaldigital.info\/index.php?rest_route=\/wp\/v2\/media\/3119"}],"wp:attachment":[{"href":"https:\/\/elregionaldigital.info\/index.php?rest_route=%2Fwp%2Fv2%2Fmedia&parent=3118"}],"wp:term":[{"taxonomy":"category","embeddable":true,"href":"https:\/\/elregionaldigital.info\/index.php?rest_route=%2Fwp%2Fv2%2Fcategories&post=3118"},{"taxonomy":"post_tag","embeddable":true,"href":"https:\/\/elregionaldigital.info\/index.php?rest_route=%2Fwp%2Fv2%2Ftags&post=3118"}],"curies":[{"name":"wp","href":"https:\/\/api.w.org\/{rel}","templated":true}]}}