{"id":3109,"date":"2024-07-13T13:24:50","date_gmt":"2024-07-13T13:24:50","guid":{"rendered":"https:\/\/elregionaldigital.info\/?p=3109"},"modified":"2024-08-05T13:25:49","modified_gmt":"2024-08-05T13:25:49","slug":"cordon-litoral-del-sur-de-tamaulipas-debe-ser-reparado-pronto","status":"publish","type":"post","link":"https:\/\/elregionaldigital.info\/?p=3109","title":{"rendered":"Cord\u00f3n litoral del sur de Tamaulipas debe ser reparado pronto"},"content":{"rendered":"\n<p><a href=\"https:\/\/laverdad.com.mx\/wp-content\/uploads\/2024\/07\/16cord.jpg\"><\/a><\/p>\n\n\n\n<p>El problema del litoral costero, se debe resolver en el corto plazo en el caso de una tormenta puede ocasionar problemas precisamente porque la barrera natural que protege la costa del sur de Tamaulipas est\u00e1 rota, se\u00f1alo el ocean\u00f3logo Marcelo Ren\u00e9 Garc\u00eda Hern\u00e1ndez.<\/p>\n\n\n\n<p>Para el ocean\u00f3logo Marcelo Ren\u00e9 Garc\u00eda Hern\u00e1ndez, la soluci\u00f3n al problema del cord\u00f3n litoral debe ser pronta, ya que de lo contrario puede acarrear problemas m\u00e1s graves.<\/p>\n\n\n\n<p>Se\u00f1al\u00f3 que es ben\u00e9fico lo que se aporta de sedimento al lugar, ya que esto permite reforzar la barrera y no se retire r\u00e1pido con las corrientes.<\/p>\n\n\n\n<p>Expuso que en las condiciones en las que se encuentra el cord\u00f3n litoral, no puede resistir los embates de un fen\u00f3meno fuerte como puede ser un cicl\u00f3n o hurac\u00e1n.<\/p>\n\n\n\n<p>\u201cA la franja del litoral costero, pero si no se resuelve en el corto plazo en el caso de una tormenta puede ocasionar problemas precisamente porque la barrera natural que protege la costa del sur de Tamaulipas est\u00e1 rota\u201d.<\/p>\n\n\n\n<p>Mencion\u00f3 que de manera natural se hace un auto dragado, por lo que se llega a descontrolar y provoca un transporte de agua fuerte que no se va a poder detener.<\/p>\n\n\n\n<p>A\u00f1adi\u00f3 que de darse esto, se afectar\u00edan zonas bajas de Tampico, Madero y Altamira, provocando inundaciones severas, debido a que ser\u00e1 un momento en el que todas las lagunas son superadas en su nivel, por lo que se debe poner atenci\u00f3n.<\/p>\n","protected":false},"excerpt":{"rendered":"<p>El problema del litoral costero, se debe resolver en el corto plazo en el caso de una tormenta puede ocasionar problemas precisamente porque la barrera natural que protege la costa del sur de Tamaulipas est\u00e1 rota, se\u00f1alo el ocean\u00f3logo Marcelo Ren\u00e9 Garc\u00eda Hern\u00e1ndez. Para el ocean\u00f3logo Marcelo Ren\u00e9 Garc\u00eda Hern\u00e1ndez, la soluci\u00f3n al problema del [&hellip;]<\/p>\n","protected":false},"author":1,"featured_media":3110,"comment_status":"open","ping_status":"open","sticky":false,"template":"","format":"standard","meta":{"footnotes":""},"categories":[2],"tags":[],"class_list":["post-3109","post","type-post","status-publish","format-standard","has-post-thumbnail","hentry","category-tamaulipas"],"blog_post_layout_featured_media_urls":{"thumbnail":["https:\/\/elregionaldigital.info\/wp-content\/uploads\/2024\/08\/16cord-750x422-1-150x150.jpg",150,150,true],"full":["https:\/\/elregionaldigital.info\/wp-content\/uploads\/2024\/08\/16cord-750x422-1.jpg",750,422,false]},"categories_names":{"2":{"name":"Tamaulipas","link":"https:\/\/elregionaldigital.info\/?cat=2"}},"tags_names":[],"comments_number":"0","wpmagazine_modules_lite_featured_media_urls":{"thumbnail":["https:\/\/elregionaldigital.info\/wp-content\/uploads\/2024\/08\/16cord-750x422-1-150x150.jpg",150,150,true],"cvmm-medium":["https:\/\/elregionaldigital.info\/wp-content\/uploads\/2024\/08\/16cord-750x422-1-300x300.jpg",300,300,true],"cvmm-medium-plus":["https:\/\/elregionaldigital.info\/wp-content\/uploads\/2024\/08\/16cord-750x422-1-305x207.jpg",305,207,true],"cvmm-portrait":["https:\/\/elregionaldigital.info\/wp-content\/uploads\/2024\/08\/16cord-750x422-1-400x422.jpg",400,422,true],"cvmm-medium-square":["https:\/\/elregionaldigital.info\/wp-content\/uploads\/2024\/08\/16cord-750x422-1-600x422.jpg",600,422,true],"cvmm-large":["https:\/\/elregionaldigital.info\/wp-content\/uploads\/2024\/08\/16cord-750x422-1.jpg",750,422,false],"cvmm-small":["https:\/\/elregionaldigital.info\/wp-content\/uploads\/2024\/08\/16cord-750x422-1-130x95.jpg",130,95,true],"full":["https:\/\/elregionaldigital.info\/wp-content\/uploads\/2024\/08\/16cord-750x422-1.jpg",750,422,false]},"_links":{"self":[{"href":"https:\/\/elregionaldigital.info\/index.php?rest_route=\/wp\/v2\/posts\/3109","targetHints":{"allow":["GET"]}}],"collection":[{"href":"https:\/\/elregionaldigital.info\/index.php?rest_route=\/wp\/v2\/posts"}],"about":[{"href":"https:\/\/elregionaldigital.info\/index.php?rest_route=\/wp\/v2\/types\/post"}],"author":[{"embeddable":true,"href":"https:\/\/elregionaldigital.info\/index.php?rest_route=\/wp\/v2\/users\/1"}],"replies":[{"embeddable":true,"href":"https:\/\/elregionaldigital.info\/index.php?rest_route=%2Fwp%2Fv2%2Fcomments&post=3109"}],"version-history":[{"count":1,"href":"https:\/\/elregionaldigital.info\/index.php?rest_route=\/wp\/v2\/posts\/3109\/revisions"}],"predecessor-version":[{"id":3111,"href":"https:\/\/elregionaldigital.info\/index.php?rest_route=\/wp\/v2\/posts\/3109\/revisions\/3111"}],"wp:featuredmedia":[{"embeddable":true,"href":"https:\/\/elregionaldigital.info\/index.php?rest_route=\/wp\/v2\/media\/3110"}],"wp:attachment":[{"href":"https:\/\/elregionaldigital.info\/index.php?rest_route=%2Fwp%2Fv2%2Fmedia&parent=3109"}],"wp:term":[{"taxonomy":"category","embeddable":true,"href":"https:\/\/elregionaldigital.info\/index.php?rest_route=%2Fwp%2Fv2%2Fcategories&post=3109"},{"taxonomy":"post_tag","embeddable":true,"href":"https:\/\/elregionaldigital.info\/index.php?rest_route=%2Fwp%2Fv2%2Ftags&post=3109"}],"curies":[{"name":"wp","href":"https:\/\/api.w.org\/{rel}","templated":true}]}}