{"id":3103,"date":"2024-08-01T14:03:12","date_gmt":"2024-08-01T14:03:12","guid":{"rendered":"https:\/\/elregionaldigital.info\/?p=3103"},"modified":"2024-08-02T14:03:24","modified_gmt":"2024-08-02T14:03:24","slug":"cuenta-la-uat-con-mejores-instalaciones-para-la-educacion-integral-de-sus-estudiantes","status":"publish","type":"post","link":"https:\/\/elregionaldigital.info\/?p=3103","title":{"rendered":"Cuenta la UAT con mejores instalaciones para la educaci\u00f3n integral de sus estudiantes"},"content":{"rendered":"\n<p><\/p>\n\n\n\n<p>01 de Agosto de 2024<\/p>\n\n\n\n<p>La Universidad Aut\u00f3noma de Tamaulipas (UAT) est\u00e1 lista para dar la bienvenida a sus<br>estudiantes en el pr\u00f3ximo ciclo escolar 2024-3 (oto\u00f1o), con nuevas propuestas y mejoras<br>significativas en todas sus \u00e1reas acad\u00e9micas, equipamiento y espacios para su formaci\u00f3n<br>integral.<br>Bajo la gesti\u00f3n del rector D\u00e1maso Anaya Alvarado, la UAT ha renovado su<br>compromiso con la formaci\u00f3n integral de la comunidad estudiantil y, mediante una visi\u00f3n<br>estrat\u00e9gica, busca consolidar un plan institucional que proporcione a la juventud una<br>educaci\u00f3n de calidad que los prepare para enfrentar los desaf\u00edos del futuro con los valores<br>del humanismo y la responsabilidad social.<br>En t\u00e9rminos de infraestructura, la UAT ha implementado diversas obras en sus<br>campus universitarios en Tampico, Victoria, Mante y las facultades de la zona norte del<br>estado.<br>Estas mejoras responden directamente a las necesidades expresadas por la<br>comunidad estudiantil y acad\u00e9mica, como la modernizaci\u00f3n de aulas, laboratorios y<br>espacios adaptados para personas con discapacidad.<br>Adem\u00e1s, se trabaja en la mejora de las tecnolog\u00edas de la informaci\u00f3n y las redes de<br>conexi\u00f3n, priorizando la optimizaci\u00f3n de los procesos administrativos y educativos.<br>La UAT promueve activamente el desarrollo integral de sus estudiantes a trav\u00e9s del<br>deporte, la cultura y la vinculaci\u00f3n con la sociedad, fortaleciendo su sentido de pertenencia<br>y compromiso con la comunidad.<\/p>\n\n\n\n<p>Como l\u00edder en educaci\u00f3n en el estado, la Universidad Aut\u00f3noma de Tamaulipas es<br>una instituci\u00f3n referente de conocimiento, innovaci\u00f3n y responsabilidad social, con un<\/p>\n\n\n\n<p>compromiso renovado hacia una educaci\u00f3n integral y su impacto significativo en el<br>desarrollo de la sociedad tamaulipeca.<\/p>\n","protected":false},"excerpt":{"rendered":"<p>01 de Agosto de 2024 La Universidad Aut\u00f3noma de Tamaulipas (UAT) est\u00e1 lista para dar la bienvenida a susestudiantes en el pr\u00f3ximo ciclo escolar 2024-3 (oto\u00f1o), con nuevas propuestas y mejorassignificativas en todas sus \u00e1reas acad\u00e9micas, equipamiento y espacios para su formaci\u00f3nintegral.Bajo la gesti\u00f3n del rector D\u00e1maso Anaya Alvarado, la UAT ha renovado sucompromiso con [&hellip;]<\/p>\n","protected":false},"author":1,"featured_media":3104,"comment_status":"open","ping_status":"open","sticky":false,"template":"","format":"standard","meta":{"footnotes":""},"categories":[4],"tags":[],"class_list":["post-3103","post","type-post","status-publish","format-standard","has-post-thumbnail","hentry","category-universidades"],"blog_post_layout_featured_media_urls":{"thumbnail":["https:\/\/elregionaldigital.info\/wp-content\/uploads\/2024\/08\/5-150x150.jpg",150,150,true],"full":["https:\/\/elregionaldigital.info\/wp-content\/uploads\/2024\/08\/5-scaled.jpg",2560,1707,false]},"categories_names":{"4":{"name":"Universidades","link":"https:\/\/elregionaldigital.info\/?cat=4"}},"tags_names":[],"comments_number":"0","wpmagazine_modules_lite_featured_media_urls":{"thumbnail":["https:\/\/elregionaldigital.info\/wp-content\/uploads\/2024\/08\/5-150x150.jpg",150,150,true],"cvmm-medium":["https:\/\/elregionaldigital.info\/wp-content\/uploads\/2024\/08\/5-300x300.jpg",300,300,true],"cvmm-medium-plus":["https:\/\/elregionaldigital.info\/wp-content\/uploads\/2024\/08\/5-305x207.jpg",305,207,true],"cvmm-portrait":["https:\/\/elregionaldigital.info\/wp-content\/uploads\/2024\/08\/5-400x600.jpg",400,600,true],"cvmm-medium-square":["https:\/\/elregionaldigital.info\/wp-content\/uploads\/2024\/08\/5-600x600.jpg",600,600,true],"cvmm-large":["https:\/\/elregionaldigital.info\/wp-content\/uploads\/2024\/08\/5-1024x1024.jpg",1024,1024,true],"cvmm-small":["https:\/\/elregionaldigital.info\/wp-content\/uploads\/2024\/08\/5-130x95.jpg",130,95,true],"full":["https:\/\/elregionaldigital.info\/wp-content\/uploads\/2024\/08\/5-scaled.jpg",2560,1707,false]},"_links":{"self":[{"href":"https:\/\/elregionaldigital.info\/index.php?rest_route=\/wp\/v2\/posts\/3103","targetHints":{"allow":["GET"]}}],"collection":[{"href":"https:\/\/elregionaldigital.info\/index.php?rest_route=\/wp\/v2\/posts"}],"about":[{"href":"https:\/\/elregionaldigital.info\/index.php?rest_route=\/wp\/v2\/types\/post"}],"author":[{"embeddable":true,"href":"https:\/\/elregionaldigital.info\/index.php?rest_route=\/wp\/v2\/users\/1"}],"replies":[{"embeddable":true,"href":"https:\/\/elregionaldigital.info\/index.php?rest_route=%2Fwp%2Fv2%2Fcomments&post=3103"}],"version-history":[{"count":1,"href":"https:\/\/elregionaldigital.info\/index.php?rest_route=\/wp\/v2\/posts\/3103\/revisions"}],"predecessor-version":[{"id":3105,"href":"https:\/\/elregionaldigital.info\/index.php?rest_route=\/wp\/v2\/posts\/3103\/revisions\/3105"}],"wp:featuredmedia":[{"embeddable":true,"href":"https:\/\/elregionaldigital.info\/index.php?rest_route=\/wp\/v2\/media\/3104"}],"wp:attachment":[{"href":"https:\/\/elregionaldigital.info\/index.php?rest_route=%2Fwp%2Fv2%2Fmedia&parent=3103"}],"wp:term":[{"taxonomy":"category","embeddable":true,"href":"https:\/\/elregionaldigital.info\/index.php?rest_route=%2Fwp%2Fv2%2Fcategories&post=3103"},{"taxonomy":"post_tag","embeddable":true,"href":"https:\/\/elregionaldigital.info\/index.php?rest_route=%2Fwp%2Fv2%2Ftags&post=3103"}],"curies":[{"name":"wp","href":"https:\/\/api.w.org\/{rel}","templated":true}]}}