{"id":3070,"date":"2024-07-22T17:32:52","date_gmt":"2024-07-22T17:32:52","guid":{"rendered":"https:\/\/elregionaldigital.info\/?p=3070"},"modified":"2024-07-24T17:33:25","modified_gmt":"2024-07-24T17:33:25","slug":"la-uat-extiende-ayuda-a-familias-de-ejidos-afectados-por-lluvias","status":"publish","type":"post","link":"https:\/\/elregionaldigital.info\/?p=3070","title":{"rendered":"La UAT extiende ayuda a familias de ejidos afectados por lluvias"},"content":{"rendered":"\n<p>En un gesto de solidaridad y compromiso social, la Universidad Aut\u00f3noma de Tamaulipas<br>(UAT) llev\u00f3 a cabo la entrega de despensas a las comunidades afectadas por las intensas<br>lluvias en los ejidos Miraflores, Progreso y La Esperanza del municipio de G\u00fc\u00e9mez,<br>Tamaulipas.<br>Este esfuerzo conjunto benefici\u00f3 a un total de 310 familias, proporcion\u00e1ndoles<br>alimentos, productos de higiene y art\u00edculos esenciales para mitigar las dificultades<br>ocasionadas por los recientes desastres naturales.<br>La participaci\u00f3n de los universitarios se llev\u00f3 a cabo con la asistencia de la Lic.<br>Isolda Rend\u00f3n de Anaya, presidenta de Familia UAT, quien estuvo acompa\u00f1ada por<br>miembros del Voluntariado UAT y representantes de la Secretar\u00eda de Gesti\u00f3n Escolar a<br>trav\u00e9s de la Direcci\u00f3n de Humanismo Social.<br>Durante la entrega de los donativos, la Lic. Isolda Rend\u00f3n destac\u00f3 que cada<br>despensa entregada por la UAT fue preparada con entusiasmo y un firme compromiso con<br>la sociedad tamaulipeca, reflejando el esp\u00edritu de solidaridad y responsabilidad social que<br>caracteriza a la comunidad de la m\u00e1xima casa de estudios del estado.<br>En lo que corresponde a la zona centro del estado, desde el inicio de la campa\u00f1a de<br>recolecci\u00f3n el 2 de julio hasta su culminaci\u00f3n el 15 de julio, las dependencias<br>administrativas, facultades, escuelas y unidades acad\u00e9micas del Campus Victoria se unieron<br>en un esfuerzo coordinado para recolectar dichos donativos.<br>La generosidad de la comunidad universitaria permiti\u00f3 acumular una variedad de<br>recursos, incluyendo alimentos no perecederos, productos enlatados, as\u00ed como art\u00edculos de<br>higiene personal.<\/p>\n\n\n\n<p>Por su parte, los beneficiarios de las comunidades de los ejidos Miraflores, Progreso<br>y La Esperanza expresaron su profundo agradecimiento por este acto de solidaridad,<\/p>\n\n\n\n<p>reconociendo la loable labor de la UAT y el significativo apoyo recibido en tiempos de<br>dificultad.<\/p>\n","protected":false},"excerpt":{"rendered":"<p>En un gesto de solidaridad y compromiso social, la Universidad Aut\u00f3noma de Tamaulipas(UAT) llev\u00f3 a cabo la entrega de despensas a las comunidades afectadas por las intensaslluvias en los ejidos Miraflores, Progreso y La Esperanza del municipio de G\u00fc\u00e9mez,Tamaulipas.Este esfuerzo conjunto benefici\u00f3 a un total de 310 familias, proporcion\u00e1ndolesalimentos, productos de higiene y art\u00edculos esenciales [&hellip;]<\/p>\n","protected":false},"author":1,"featured_media":3071,"comment_status":"open","ping_status":"open","sticky":false,"template":"","format":"standard","meta":{"footnotes":""},"categories":[4],"tags":[],"class_list":["post-3070","post","type-post","status-publish","format-standard","has-post-thumbnail","hentry","category-universidades"],"blog_post_layout_featured_media_urls":{"thumbnail":["https:\/\/elregionaldigital.info\/wp-content\/uploads\/2024\/07\/2-2-150x150.jpg",150,150,true],"full":["https:\/\/elregionaldigital.info\/wp-content\/uploads\/2024\/07\/2-2-scaled.jpg",2560,1707,false]},"categories_names":{"4":{"name":"Universidades","link":"https:\/\/elregionaldigital.info\/?cat=4"}},"tags_names":[],"comments_number":"0","wpmagazine_modules_lite_featured_media_urls":{"thumbnail":["https:\/\/elregionaldigital.info\/wp-content\/uploads\/2024\/07\/2-2-150x150.jpg",150,150,true],"cvmm-medium":["https:\/\/elregionaldigital.info\/wp-content\/uploads\/2024\/07\/2-2-300x300.jpg",300,300,true],"cvmm-medium-plus":["https:\/\/elregionaldigital.info\/wp-content\/uploads\/2024\/07\/2-2-305x207.jpg",305,207,true],"cvmm-portrait":["https:\/\/elregionaldigital.info\/wp-content\/uploads\/2024\/07\/2-2-400x600.jpg",400,600,true],"cvmm-medium-square":["https:\/\/elregionaldigital.info\/wp-content\/uploads\/2024\/07\/2-2-600x600.jpg",600,600,true],"cvmm-large":["https:\/\/elregionaldigital.info\/wp-content\/uploads\/2024\/07\/2-2-1024x1024.jpg",1024,1024,true],"cvmm-small":["https:\/\/elregionaldigital.info\/wp-content\/uploads\/2024\/07\/2-2-130x95.jpg",130,95,true],"full":["https:\/\/elregionaldigital.info\/wp-content\/uploads\/2024\/07\/2-2-scaled.jpg",2560,1707,false]},"_links":{"self":[{"href":"https:\/\/elregionaldigital.info\/index.php?rest_route=\/wp\/v2\/posts\/3070","targetHints":{"allow":["GET"]}}],"collection":[{"href":"https:\/\/elregionaldigital.info\/index.php?rest_route=\/wp\/v2\/posts"}],"about":[{"href":"https:\/\/elregionaldigital.info\/index.php?rest_route=\/wp\/v2\/types\/post"}],"author":[{"embeddable":true,"href":"https:\/\/elregionaldigital.info\/index.php?rest_route=\/wp\/v2\/users\/1"}],"replies":[{"embeddable":true,"href":"https:\/\/elregionaldigital.info\/index.php?rest_route=%2Fwp%2Fv2%2Fcomments&post=3070"}],"version-history":[{"count":1,"href":"https:\/\/elregionaldigital.info\/index.php?rest_route=\/wp\/v2\/posts\/3070\/revisions"}],"predecessor-version":[{"id":3072,"href":"https:\/\/elregionaldigital.info\/index.php?rest_route=\/wp\/v2\/posts\/3070\/revisions\/3072"}],"wp:featuredmedia":[{"embeddable":true,"href":"https:\/\/elregionaldigital.info\/index.php?rest_route=\/wp\/v2\/media\/3071"}],"wp:attachment":[{"href":"https:\/\/elregionaldigital.info\/index.php?rest_route=%2Fwp%2Fv2%2Fmedia&parent=3070"}],"wp:term":[{"taxonomy":"category","embeddable":true,"href":"https:\/\/elregionaldigital.info\/index.php?rest_route=%2Fwp%2Fv2%2Fcategories&post=3070"},{"taxonomy":"post_tag","embeddable":true,"href":"https:\/\/elregionaldigital.info\/index.php?rest_route=%2Fwp%2Fv2%2Ftags&post=3070"}],"curies":[{"name":"wp","href":"https:\/\/api.w.org\/{rel}","templated":true}]}}