{"id":3049,"date":"2024-07-15T15:27:13","date_gmt":"2024-07-15T15:27:13","guid":{"rendered":"https:\/\/elregionaldigital.info\/?p=3049"},"modified":"2024-07-24T15:27:45","modified_gmt":"2024-07-24T15:27:45","slug":"inaugura-la-uat-campamentos-de-verano","status":"publish","type":"post","link":"https:\/\/elregionaldigital.info\/?p=3049","title":{"rendered":"Inaugura la UAT campamentos de verano"},"content":{"rendered":"\n<p>15 de julio del 2024<\/p>\n\n\n\n<p>La Universidad Aut\u00f3noma de Tamaulipas (UAT) organiz\u00f3 en el Campus Sur los<br>campamentos de verano dirigidos a la comunidad infantil, en los que participan<br>cientos de ni\u00f1os de la zona conurbada de Tampico, Madero y Altamira, quienes<br>disfrutan de diferentes actividades dise\u00f1adas para su actividad f\u00edsica, diversi\u00f3n y<br>aprendizaje.<br>Se trata del Campamento Deportivo y Cultural Verano 2024 y del<br>Campamento de Verano 2024 Amor por la Ciencia, que fueron inaugurados este<br>lunes con la presencia del rector, MVZ D\u00e1maso Anaya Alvarado, acompa\u00f1ado de<br>su esposa, Lic. Isolda Rend\u00f3n de Anaya, presidenta del Voluntariado Familia UAT,<br>as\u00ed como la Lic. M\u00f3nica Villarreal Anaya, presidenta electa de Tampico.<br>Con la presencia tambi\u00e9n del Lic. Benjam\u00edn Hern\u00e1ndez Rodr\u00edguez,<br>secretario de Turismo de Tamaulipas, D\u00e1maso Anaya presidi\u00f3 la apertura de los<br>programas y agradeci\u00f3 a los padres de familia por su confianza en la UAT.<br>Destac\u00f3 que se han preparado muchas actividades recreativas, art\u00edsticas y<br>culturales en el Gimnasio del Campus Tampico, que tienen como meta dotar de<br>diversas habilidades a los ni\u00f1os, entre ellas, el trabajo en equipo.<br>Refiri\u00f3 que, junto con la Fundaci\u00f3n Fleishman, se ha organizado el<br>campamento Amor por la Ciencia, con la finalidad de acercar a los ni\u00f1os al<br>conocimiento cient\u00edfico desde temprana edad.<br>\u201cCon esto, juntos estamos sembrando la semilla del futuro; estamos<br>cultivando una generaci\u00f3n de j\u00f3venes curiosos, creativos y comprometidos con el<br>conocimiento y la innovaci\u00f3n. Juntos estamos construyendo un futuro mejor para<br>todos\u201d, indic\u00f3.<br>En su oportunidad, la Lic. M\u00f3nica Villarreal Anaya resalt\u00f3 la importancia de<br>los proyectos que impulsa la UAT en favor de la ni\u00f1ez tamaulipeca, y que, en este<br>caso, re\u00fanen a ni\u00f1os y padres de familia para disfrutar de las actividades en las<\/p>\n\n\n\n<p>instalaciones universitarias.<br>En el evento estuvo presente la Lic. Lesvia de la Rosa del \u00c1ngel,<br>coordinadora de proyectos de la Fundaci\u00f3n Fleishman, quien se\u00f1al\u00f3 que se<br>trabaja con la UAT para impulsar el desarrollo de los ni\u00f1os, convencidos de que la<br>educaci\u00f3n, el arte y la cultura son herramientas que pueden cambiar e impulsar a<br>la sociedad.<br>El Campamento de Verano 2024 Amor por la Ciencia comenz\u00f3 en la<br>Facultad de Arquitectura, Dise\u00f1o y Urbanismo, y durante la semana recorrer\u00e1 las<br>dem\u00e1s facultades del Centro Universitario Sur con actividades que tienen como fin<br>fomentar el inter\u00e9s por la ciencia en ni\u00f1os y j\u00f3venes a trav\u00e9s de actividades<br>l\u00fadicas y talleres.<br>Por su parte, el Campamento Deportivo y Cultural Verano 2024 se<br>desarrolla en el Gimnasio del Campus Tampico y otras instalaciones, para ofrecer<br>a sus participantes actividades deportivas y art\u00edsticas.<\/p>\n","protected":false},"excerpt":{"rendered":"<p>15 de julio del 2024 La Universidad Aut\u00f3noma de Tamaulipas (UAT) organiz\u00f3 en el Campus Sur loscampamentos de verano dirigidos a la comunidad infantil, en los que participancientos de ni\u00f1os de la zona conurbada de Tampico, Madero y Altamira, quienesdisfrutan de diferentes actividades dise\u00f1adas para su actividad f\u00edsica, diversi\u00f3n yaprendizaje.Se trata del Campamento Deportivo y [&hellip;]<\/p>\n","protected":false},"author":1,"featured_media":3050,"comment_status":"open","ping_status":"open","sticky":false,"template":"","format":"standard","meta":{"footnotes":""},"categories":[4],"tags":[],"class_list":["post-3049","post","type-post","status-publish","format-standard","has-post-thumbnail","hentry","category-universidades"],"blog_post_layout_featured_media_urls":{"thumbnail":["https:\/\/elregionaldigital.info\/wp-content\/uploads\/2024\/07\/lomn5-150x150.jpg",150,150,true],"full":["https:\/\/elregionaldigital.info\/wp-content\/uploads\/2024\/07\/lomn5.jpg",1600,1066,false]},"categories_names":{"4":{"name":"Universidades","link":"https:\/\/elregionaldigital.info\/?cat=4"}},"tags_names":[],"comments_number":"0","wpmagazine_modules_lite_featured_media_urls":{"thumbnail":["https:\/\/elregionaldigital.info\/wp-content\/uploads\/2024\/07\/lomn5-150x150.jpg",150,150,true],"cvmm-medium":["https:\/\/elregionaldigital.info\/wp-content\/uploads\/2024\/07\/lomn5-300x300.jpg",300,300,true],"cvmm-medium-plus":["https:\/\/elregionaldigital.info\/wp-content\/uploads\/2024\/07\/lomn5-305x207.jpg",305,207,true],"cvmm-portrait":["https:\/\/elregionaldigital.info\/wp-content\/uploads\/2024\/07\/lomn5-400x600.jpg",400,600,true],"cvmm-medium-square":["https:\/\/elregionaldigital.info\/wp-content\/uploads\/2024\/07\/lomn5-600x600.jpg",600,600,true],"cvmm-large":["https:\/\/elregionaldigital.info\/wp-content\/uploads\/2024\/07\/lomn5-1024x1024.jpg",1024,1024,true],"cvmm-small":["https:\/\/elregionaldigital.info\/wp-content\/uploads\/2024\/07\/lomn5-130x95.jpg",130,95,true],"full":["https:\/\/elregionaldigital.info\/wp-content\/uploads\/2024\/07\/lomn5.jpg",1600,1066,false]},"_links":{"self":[{"href":"https:\/\/elregionaldigital.info\/index.php?rest_route=\/wp\/v2\/posts\/3049","targetHints":{"allow":["GET"]}}],"collection":[{"href":"https:\/\/elregionaldigital.info\/index.php?rest_route=\/wp\/v2\/posts"}],"about":[{"href":"https:\/\/elregionaldigital.info\/index.php?rest_route=\/wp\/v2\/types\/post"}],"author":[{"embeddable":true,"href":"https:\/\/elregionaldigital.info\/index.php?rest_route=\/wp\/v2\/users\/1"}],"replies":[{"embeddable":true,"href":"https:\/\/elregionaldigital.info\/index.php?rest_route=%2Fwp%2Fv2%2Fcomments&post=3049"}],"version-history":[{"count":1,"href":"https:\/\/elregionaldigital.info\/index.php?rest_route=\/wp\/v2\/posts\/3049\/revisions"}],"predecessor-version":[{"id":3051,"href":"https:\/\/elregionaldigital.info\/index.php?rest_route=\/wp\/v2\/posts\/3049\/revisions\/3051"}],"wp:featuredmedia":[{"embeddable":true,"href":"https:\/\/elregionaldigital.info\/index.php?rest_route=\/wp\/v2\/media\/3050"}],"wp:attachment":[{"href":"https:\/\/elregionaldigital.info\/index.php?rest_route=%2Fwp%2Fv2%2Fmedia&parent=3049"}],"wp:term":[{"taxonomy":"category","embeddable":true,"href":"https:\/\/elregionaldigital.info\/index.php?rest_route=%2Fwp%2Fv2%2Fcategories&post=3049"},{"taxonomy":"post_tag","embeddable":true,"href":"https:\/\/elregionaldigital.info\/index.php?rest_route=%2Fwp%2Fv2%2Ftags&post=3049"}],"curies":[{"name":"wp","href":"https:\/\/api.w.org\/{rel}","templated":true}]}}