{"id":3043,"date":"2024-07-13T15:01:48","date_gmt":"2024-07-13T15:01:48","guid":{"rendered":"https:\/\/elregionaldigital.info\/?p=3043"},"modified":"2024-07-24T15:02:28","modified_gmt":"2024-07-24T15:02:28","slug":"difundira-la-uat-su-acervo-historico-en-la-plataforma-memorica-mexico","status":"publish","type":"post","link":"https:\/\/elregionaldigital.info\/?p=3043","title":{"rendered":"Difundir\u00e1 la UAT su acervo hist\u00f3rico en la plataforma Mem\u00f3rica M\u00e9xico"},"content":{"rendered":"\n<p>13 de Julio del 2024<\/p>\n\n\n\n<p>En un esfuerzo por incrementar el acceso a los documentos hist\u00f3ricos y culturales<br>de la regi\u00f3n, la Universidad Aut\u00f3noma de Tamaulipas (UAT) firm\u00f3 un acuerdo de<br>colaboraci\u00f3n con Mem\u00f3rica. M\u00e9xico, haz memoria, un repositorio digital de<br>instituciones nacionales impulsado por el Gobierno de M\u00e9xico a trav\u00e9s del Archivo<br>General de la Naci\u00f3n, que pone a disposici\u00f3n recursos digitalizados relacionados<br>con la historia y las expresiones culturales.<br>En entrevista, el Dr. Octavio Herrera P\u00e9rez, director del Instituto de<br>Investigaciones Hist\u00f3ricas de la UAT, dio a conocer que, gracias a esta<br>colaboraci\u00f3n, investigadores y estudiosos tanto nacionales como internacionales<br>podr\u00e1n acceder a importantes acervos documentales del pa\u00eds y la regi\u00f3n mediante<br>esta plataforma.<br>Destac\u00f3 que esta colaboraci\u00f3n permitir\u00e1 tener una visibilidad universal,<br>puesto que Mem\u00f3rica M\u00e9xico est\u00e1 proyectada hacia todo el pa\u00eds y fuera de \u00e9l,<br>facilitando el acceso a nuestro acervo documental sobre Tamaulipas, el noreste de<br>M\u00e9xico y la frontera con Estados Unidos.<br>Dijo que el repositorio digital institucional de la UAT incluye una amplia<br>variedad de documentos, entre los que destacan decretos y circulares del<br>Gobierno del Estado, documentaci\u00f3n digitalizada, folleter\u00eda, colecciones de libros<br>hist\u00f3ricos, iconograf\u00eda y cartograf\u00eda, material que est\u00e1 disponible para el p\u00fablico y<br>puede ser consultado y descargado libremente.<br>Anunci\u00f3 que la UAT inaugurar\u00e1 su presencia en Mem\u00f3rica con la<br>publicaci\u00f3n del testamento final de Agust\u00edn de Iturbide, el emperador de M\u00e9xico,<br>conmemorando el bicentenario de su fusilamiento, ocurrido el 19 de julio de 1824.<br>A\u00f1adi\u00f3 que este documento es fundamental para entender nuestra historia y<br>reforzar\u00e1 la colaboraci\u00f3n de la UAT con el Archivo General de la Naci\u00f3n.<\/p>\n\n\n\n<p>La incorporaci\u00f3n de la UAT a este repositorio le permitir\u00e1 proyectar sus<br>acervos hist\u00f3ricos en una plataforma nacional de alto alcance beneficiando a la<br>comunidad acad\u00e9mica e investigadora, as\u00ed como al p\u00fablico en general, que ahora<br>tendr\u00e1 un acceso m\u00e1s sencillo y amplio a los recursos hist\u00f3ricos que est\u00e1n bajo<br>resguardo de la m\u00e1xima casa de estudios de Tamaulipas.<\/p>\n","protected":false},"excerpt":{"rendered":"<p>13 de Julio del 2024 En un esfuerzo por incrementar el acceso a los documentos hist\u00f3ricos y culturalesde la regi\u00f3n, la Universidad Aut\u00f3noma de Tamaulipas (UAT) firm\u00f3 un acuerdo decolaboraci\u00f3n con Mem\u00f3rica. M\u00e9xico, haz memoria, un repositorio digital deinstituciones nacionales impulsado por el Gobierno de M\u00e9xico a trav\u00e9s del ArchivoGeneral de la Naci\u00f3n, que pone [&hellip;]<\/p>\n","protected":false},"author":1,"featured_media":3044,"comment_status":"open","ping_status":"open","sticky":false,"template":"","format":"standard","meta":{"footnotes":""},"categories":[4],"tags":[],"class_list":["post-3043","post","type-post","status-publish","format-standard","has-post-thumbnail","hentry","category-universidades"],"blog_post_layout_featured_media_urls":{"thumbnail":["https:\/\/elregionaldigital.info\/wp-content\/uploads\/2024\/07\/1-2-1-150x150.jpg",150,150,true],"full":["https:\/\/elregionaldigital.info\/wp-content\/uploads\/2024\/07\/1-2-1.jpg",2500,1667,false]},"categories_names":{"4":{"name":"Universidades","link":"https:\/\/elregionaldigital.info\/?cat=4"}},"tags_names":[],"comments_number":"0","wpmagazine_modules_lite_featured_media_urls":{"thumbnail":["https:\/\/elregionaldigital.info\/wp-content\/uploads\/2024\/07\/1-2-1-150x150.jpg",150,150,true],"cvmm-medium":["https:\/\/elregionaldigital.info\/wp-content\/uploads\/2024\/07\/1-2-1-300x300.jpg",300,300,true],"cvmm-medium-plus":["https:\/\/elregionaldigital.info\/wp-content\/uploads\/2024\/07\/1-2-1-305x207.jpg",305,207,true],"cvmm-portrait":["https:\/\/elregionaldigital.info\/wp-content\/uploads\/2024\/07\/1-2-1-400x600.jpg",400,600,true],"cvmm-medium-square":["https:\/\/elregionaldigital.info\/wp-content\/uploads\/2024\/07\/1-2-1-600x600.jpg",600,600,true],"cvmm-large":["https:\/\/elregionaldigital.info\/wp-content\/uploads\/2024\/07\/1-2-1-1024x1024.jpg",1024,1024,true],"cvmm-small":["https:\/\/elregionaldigital.info\/wp-content\/uploads\/2024\/07\/1-2-1-130x95.jpg",130,95,true],"full":["https:\/\/elregionaldigital.info\/wp-content\/uploads\/2024\/07\/1-2-1.jpg",2500,1667,false]},"_links":{"self":[{"href":"https:\/\/elregionaldigital.info\/index.php?rest_route=\/wp\/v2\/posts\/3043","targetHints":{"allow":["GET"]}}],"collection":[{"href":"https:\/\/elregionaldigital.info\/index.php?rest_route=\/wp\/v2\/posts"}],"about":[{"href":"https:\/\/elregionaldigital.info\/index.php?rest_route=\/wp\/v2\/types\/post"}],"author":[{"embeddable":true,"href":"https:\/\/elregionaldigital.info\/index.php?rest_route=\/wp\/v2\/users\/1"}],"replies":[{"embeddable":true,"href":"https:\/\/elregionaldigital.info\/index.php?rest_route=%2Fwp%2Fv2%2Fcomments&post=3043"}],"version-history":[{"count":1,"href":"https:\/\/elregionaldigital.info\/index.php?rest_route=\/wp\/v2\/posts\/3043\/revisions"}],"predecessor-version":[{"id":3045,"href":"https:\/\/elregionaldigital.info\/index.php?rest_route=\/wp\/v2\/posts\/3043\/revisions\/3045"}],"wp:featuredmedia":[{"embeddable":true,"href":"https:\/\/elregionaldigital.info\/index.php?rest_route=\/wp\/v2\/media\/3044"}],"wp:attachment":[{"href":"https:\/\/elregionaldigital.info\/index.php?rest_route=%2Fwp%2Fv2%2Fmedia&parent=3043"}],"wp:term":[{"taxonomy":"category","embeddable":true,"href":"https:\/\/elregionaldigital.info\/index.php?rest_route=%2Fwp%2Fv2%2Fcategories&post=3043"},{"taxonomy":"post_tag","embeddable":true,"href":"https:\/\/elregionaldigital.info\/index.php?rest_route=%2Fwp%2Fv2%2Ftags&post=3043"}],"curies":[{"name":"wp","href":"https:\/\/api.w.org\/{rel}","templated":true}]}}