{"id":3040,"date":"2024-07-12T14:46:48","date_gmt":"2024-07-12T14:46:48","guid":{"rendered":"http:\/\/elregionaldigital.info\/?p=3040"},"modified":"2024-07-24T14:47:25","modified_gmt":"2024-07-24T14:47:25","slug":"concluye-la-uat-con-exito-el-programa-peraj-adopta-un-amigo","status":"publish","type":"post","link":"https:\/\/elregionaldigital.info\/?p=3040","title":{"rendered":"Concluye la UAT con \u00e9xito el programa Peraj-Adopta un Amigo"},"content":{"rendered":"\n<p>La Universidad Aut\u00f3noma de Tamaulipas (UAT) llev\u00f3 a cabo la ceremonia de<br>clausura de actividades del Programa UAT-Peraj \u201cAdopta un amigo\u201d<br>correspondiente al ciclo 2023-2024, en cuyo marco se entregaron reconocimientos<br>a estudiantes universitarios que participaron como tutores de alumnos de escuelas<br>primarias dentro de este programa de servicio social.<br>En el evento organizado por la Secretar\u00eda de Gesti\u00f3n Escolar a trav\u00e9s de la<br>Direcci\u00f3n de Profesionalizaci\u00f3n de la UAT, y que tuvo como sede la Facultad de<br>Ciencias de la Educaci\u00f3n y Humanidades, se destac\u00f3 la importancia de impulsar<br>acciones encaminadas a una vinculaci\u00f3n social humanista.<br>El programa UAT-Peraj \u201cAdopta un Amigo\u201d es un esquema federal que<br>busca potenciar las cualidades acad\u00e9micas y personales de ni\u00f1os de quinto y<br>sexto grado de primaria mediante el asesoramiento de un estudiante universitario.<br>Como parte del protocolo, se entregaron reconocimientos a veintinueve<br>estudiantes tutores de la Facultad de Ciencias de la Educaci\u00f3n y Humanidades, de<br>la Unidad Acad\u00e9mica de Trabajo Social y Ciencias para el Desarrollo Humano, de<br>la Facultad de Derecho y Ciencias Sociales Victoria, de la Facultad de Comercio y<br>Administraci\u00f3n Victoria y de la Facultad de Ingenier\u00eda y Ciencias.<br>Se entregaron tambi\u00e9n reconocimientos a los ni\u00f1os tutorados de las<br>escuelas primarias Rep\u00fablica de M\u00e9xico y Josefa Ortiz de Dom\u00ednguez de Ciudad<br>Victoria.<br>La directora de Profesionalizaci\u00f3n, Mtra. Elizabeth Uribe Rivera, declar\u00f3 el<br>mensaje de clausura y agradeci\u00f3 a los directores de las facultades y unidades<br>acad\u00e9micas por el apoyo brindado, as\u00ed como tambi\u00e9n a los estudiantes por su<br>disposici\u00f3n y compromiso con las metas planteadas.<br>Dijo que el programa UAT-Peraj permiti\u00f3 tejer lazos profundos de amistad y<br>compa\u00f1erismo, apoyando el compromiso del rector D\u00e1maso Anaya Alvarado de<\/p>\n\n\n\n<p>fortalecer la vinculaci\u00f3n con la sociedad con un sentido humanista.<\/p>\n\n\n\n<p><\/p>\n","protected":false},"excerpt":{"rendered":"<p>La Universidad Aut\u00f3noma de Tamaulipas (UAT) llev\u00f3 a cabo la ceremonia declausura de actividades del Programa UAT-Peraj \u201cAdopta un amigo\u201dcorrespondiente al ciclo 2023-2024, en cuyo marco se entregaron reconocimientosa estudiantes universitarios que participaron como tutores de alumnos de escuelasprimarias dentro de este programa de servicio social.En el evento organizado por la Secretar\u00eda de Gesti\u00f3n Escolar [&hellip;]<\/p>\n","protected":false},"author":1,"featured_media":3041,"comment_status":"open","ping_status":"open","sticky":false,"template":"","format":"standard","meta":{"footnotes":""},"categories":[4],"tags":[],"class_list":["post-3040","post","type-post","status-publish","format-standard","has-post-thumbnail","hentry","category-universidades"],"blog_post_layout_featured_media_urls":{"thumbnail":["https:\/\/elregionaldigital.info\/wp-content\/uploads\/2024\/07\/1-2-150x150.jpg",150,150,true],"full":["https:\/\/elregionaldigital.info\/wp-content\/uploads\/2024\/07\/1-2-scaled.jpg",2560,1201,false]},"categories_names":{"4":{"name":"Universidades","link":"https:\/\/elregionaldigital.info\/?cat=4"}},"tags_names":[],"comments_number":"0","wpmagazine_modules_lite_featured_media_urls":{"thumbnail":["https:\/\/elregionaldigital.info\/wp-content\/uploads\/2024\/07\/1-2-150x150.jpg",150,150,true],"cvmm-medium":["https:\/\/elregionaldigital.info\/wp-content\/uploads\/2024\/07\/1-2-300x300.jpg",300,300,true],"cvmm-medium-plus":["https:\/\/elregionaldigital.info\/wp-content\/uploads\/2024\/07\/1-2-305x207.jpg",305,207,true],"cvmm-portrait":["https:\/\/elregionaldigital.info\/wp-content\/uploads\/2024\/07\/1-2-400x600.jpg",400,600,true],"cvmm-medium-square":["https:\/\/elregionaldigital.info\/wp-content\/uploads\/2024\/07\/1-2-600x600.jpg",600,600,true],"cvmm-large":["https:\/\/elregionaldigital.info\/wp-content\/uploads\/2024\/07\/1-2-1024x1024.jpg",1024,1024,true],"cvmm-small":["https:\/\/elregionaldigital.info\/wp-content\/uploads\/2024\/07\/1-2-130x95.jpg",130,95,true],"full":["https:\/\/elregionaldigital.info\/wp-content\/uploads\/2024\/07\/1-2-scaled.jpg",2560,1201,false]},"_links":{"self":[{"href":"https:\/\/elregionaldigital.info\/index.php?rest_route=\/wp\/v2\/posts\/3040","targetHints":{"allow":["GET"]}}],"collection":[{"href":"https:\/\/elregionaldigital.info\/index.php?rest_route=\/wp\/v2\/posts"}],"about":[{"href":"https:\/\/elregionaldigital.info\/index.php?rest_route=\/wp\/v2\/types\/post"}],"author":[{"embeddable":true,"href":"https:\/\/elregionaldigital.info\/index.php?rest_route=\/wp\/v2\/users\/1"}],"replies":[{"embeddable":true,"href":"https:\/\/elregionaldigital.info\/index.php?rest_route=%2Fwp%2Fv2%2Fcomments&post=3040"}],"version-history":[{"count":1,"href":"https:\/\/elregionaldigital.info\/index.php?rest_route=\/wp\/v2\/posts\/3040\/revisions"}],"predecessor-version":[{"id":3042,"href":"https:\/\/elregionaldigital.info\/index.php?rest_route=\/wp\/v2\/posts\/3040\/revisions\/3042"}],"wp:featuredmedia":[{"embeddable":true,"href":"https:\/\/elregionaldigital.info\/index.php?rest_route=\/wp\/v2\/media\/3041"}],"wp:attachment":[{"href":"https:\/\/elregionaldigital.info\/index.php?rest_route=%2Fwp%2Fv2%2Fmedia&parent=3040"}],"wp:term":[{"taxonomy":"category","embeddable":true,"href":"https:\/\/elregionaldigital.info\/index.php?rest_route=%2Fwp%2Fv2%2Fcategories&post=3040"},{"taxonomy":"post_tag","embeddable":true,"href":"https:\/\/elregionaldigital.info\/index.php?rest_route=%2Fwp%2Fv2%2Ftags&post=3040"}],"curies":[{"name":"wp","href":"https:\/\/api.w.org\/{rel}","templated":true}]}}