{"id":3034,"date":"2024-07-11T17:12:15","date_gmt":"2024-07-11T17:12:15","guid":{"rendered":"http:\/\/elregionaldigital.info\/?p=3034"},"modified":"2024-07-11T17:12:15","modified_gmt":"2024-07-11T17:12:15","slug":"arido-desierto-de-atacama-chile-florece-debido-a-las-inusuales-lluvias","status":"publish","type":"post","link":"https:\/\/elregionaldigital.info\/?p=3034","title":{"rendered":"\u00c1rido desierto de Atacama, Chile florece debido a las inusuales lluvias"},"content":{"rendered":"\n<p><\/p>\n\n\n\n<p>El desierto de Atacama, el m\u00e1s \u00e1rido del planeta, se visti\u00f3 con un manto de flores moradas y blancas en una extensi\u00f3n de varios kil\u00f3metros cuadrados, gracias a inusuales lluvias registradas en esta zona del norte de Chile.<\/p>\n\n\n\n<p>El fen\u00f3meno, no visto en esta \u00e9poca desde 2015, sorprendi\u00f3 a turistas y a habitantes de localidades cercanas, acostumbrados a ver este espect\u00e1culo natural en a\u00f1os recientes, pero en el mes de septiembre.<\/p>\n\n\n\n<p>La lluvia de 11-12 mil\u00edmetros (que cay\u00f3 en el mes de abril), m\u00e1s una nubosidad baja que ha estado muy intensa en la zona y que moja todas las noches estas superficies, ha ayudado a la activaci\u00f3n de estas plantas\u201d, explic\u00f3 C\u00e9sar Pizarro, jefe de conservaci\u00f3n de biodiversidad de la Corporaci\u00f3n Nacional Forestal (Conaf).<\/p>\n\n\n\n<p>El experto aclara, no obstante, que este fen\u00f3meno nada tiene que ver con el llamado desierto florido, que ocurre en la primavera austral. Mientras que aquel paisaje se extiende por unos 15 mil km2, las flores ahora aparecieron en un \u00e1rea mucho menor, de entre 300 y 400 km2.<\/p>\n\n\n\n<p>Cuando ocurre el desierto florido en su m\u00e1ximo esplendor, m\u00e1s de 200 especies vegetales florecen. Ahora, la principal protagonista ha sido la \u201cpata de guanaco\u201d, una flor morada que apenas requiere agua y prefiere los sitios arenosos.<\/p>\n\n\n\n<p>Los cient\u00edficos a\u00fan no han determinado si este fen\u00f3meno, registrado tambi\u00e9n en el invierno de 2015, \u201ctiene relaci\u00f3n directa con el cambio clim\u00e1tico o no, o con los fen\u00f3menos de El Ni\u00f1o o La Ni\u00f1a\u201d, explic\u00f3 Pizarro.<\/p>\n\n\n\n<p>Expertos consideran que los florecimientos que se han dado en el desierto chileno permiten analizar los desaf\u00edos a los que la humanidad se enfrentar\u00e1 si estas condiciones extremas, de bajas lluvias y altas temperaturas atribuidas al cambio clim\u00e1tico, se replican en otros lugares del mundo.<\/p>\n","protected":false},"excerpt":{"rendered":"<p>El desierto de Atacama, el m\u00e1s \u00e1rido del planeta, se visti\u00f3 con un manto de flores moradas y blancas en una extensi\u00f3n de varios kil\u00f3metros cuadrados, gracias a inusuales lluvias registradas en esta zona del norte de Chile. El fen\u00f3meno, no visto en esta \u00e9poca desde 2015, sorprendi\u00f3 a turistas y a habitantes de localidades [&hellip;]<\/p>\n","protected":false},"author":1,"featured_media":3035,"comment_status":"open","ping_status":"open","sticky":false,"template":"","format":"standard","meta":{"footnotes":""},"categories":[11],"tags":[],"class_list":["post-3034","post","type-post","status-publish","format-standard","has-post-thumbnail","hentry","category-mundo"],"blog_post_layout_featured_media_urls":{"thumbnail":["https:\/\/elregionaldigital.info\/wp-content\/uploads\/2024\/07\/atacama-desierto-flores-150x150.webp",150,150,true],"full":["https:\/\/elregionaldigital.info\/wp-content\/uploads\/2024\/07\/atacama-desierto-flores.webp",1920,1080,false]},"categories_names":{"11":{"name":"Mundo","link":"https:\/\/elregionaldigital.info\/?cat=11"}},"tags_names":[],"comments_number":"0","wpmagazine_modules_lite_featured_media_urls":{"thumbnail":["https:\/\/elregionaldigital.info\/wp-content\/uploads\/2024\/07\/atacama-desierto-flores-150x150.webp",150,150,true],"cvmm-medium":["https:\/\/elregionaldigital.info\/wp-content\/uploads\/2024\/07\/atacama-desierto-flores-300x300.webp",300,300,true],"cvmm-medium-plus":["https:\/\/elregionaldigital.info\/wp-content\/uploads\/2024\/07\/atacama-desierto-flores-305x207.webp",305,207,true],"cvmm-portrait":["https:\/\/elregionaldigital.info\/wp-content\/uploads\/2024\/07\/atacama-desierto-flores-400x600.webp",400,600,true],"cvmm-medium-square":["https:\/\/elregionaldigital.info\/wp-content\/uploads\/2024\/07\/atacama-desierto-flores-600x600.webp",600,600,true],"cvmm-large":["https:\/\/elregionaldigital.info\/wp-content\/uploads\/2024\/07\/atacama-desierto-flores-1024x1024.webp",1024,1024,true],"cvmm-small":["https:\/\/elregionaldigital.info\/wp-content\/uploads\/2024\/07\/atacama-desierto-flores-130x95.webp",130,95,true],"full":["https:\/\/elregionaldigital.info\/wp-content\/uploads\/2024\/07\/atacama-desierto-flores.webp",1920,1080,false]},"_links":{"self":[{"href":"https:\/\/elregionaldigital.info\/index.php?rest_route=\/wp\/v2\/posts\/3034","targetHints":{"allow":["GET"]}}],"collection":[{"href":"https:\/\/elregionaldigital.info\/index.php?rest_route=\/wp\/v2\/posts"}],"about":[{"href":"https:\/\/elregionaldigital.info\/index.php?rest_route=\/wp\/v2\/types\/post"}],"author":[{"embeddable":true,"href":"https:\/\/elregionaldigital.info\/index.php?rest_route=\/wp\/v2\/users\/1"}],"replies":[{"embeddable":true,"href":"https:\/\/elregionaldigital.info\/index.php?rest_route=%2Fwp%2Fv2%2Fcomments&post=3034"}],"version-history":[{"count":1,"href":"https:\/\/elregionaldigital.info\/index.php?rest_route=\/wp\/v2\/posts\/3034\/revisions"}],"predecessor-version":[{"id":3036,"href":"https:\/\/elregionaldigital.info\/index.php?rest_route=\/wp\/v2\/posts\/3034\/revisions\/3036"}],"wp:featuredmedia":[{"embeddable":true,"href":"https:\/\/elregionaldigital.info\/index.php?rest_route=\/wp\/v2\/media\/3035"}],"wp:attachment":[{"href":"https:\/\/elregionaldigital.info\/index.php?rest_route=%2Fwp%2Fv2%2Fmedia&parent=3034"}],"wp:term":[{"taxonomy":"category","embeddable":true,"href":"https:\/\/elregionaldigital.info\/index.php?rest_route=%2Fwp%2Fv2%2Fcategories&post=3034"},{"taxonomy":"post_tag","embeddable":true,"href":"https:\/\/elregionaldigital.info\/index.php?rest_route=%2Fwp%2Fv2%2Ftags&post=3034"}],"curies":[{"name":"wp","href":"https:\/\/api.w.org\/{rel}","templated":true}]}}